{"id":104701,"date":"2023-10-19T15:00:20","date_gmt":"2023-10-19T13:00:20","guid":{"rendered":"https:\/\/www.trait-tendance.com\/actualites\/gala-dinner-at-the-musee-dart-moderne\/"},"modified":"2023-10-19T15:00:20","modified_gmt":"2023-10-19T13:00:20","slug":"gala-dinner-at-the-musee-dart-moderne","status":"publish","type":"post","link":"https:\/\/www.trait-tendance.com\/en\/gala-dinner-at-the-musee-dart-moderne\/","title":{"rendered":"Gala dinner at the Mus\u00e9e d&#8217;Art Moderne"},"content":{"rendered":"<p>From September 25 to October 3, the heart of the capital beat to the frenetic rhythm of Fashion Week. Ten days of fashion shows, presentations and dinners in which the Trait&#8217;Tendance teams took part.<br \/>\nTo welcome and thank its most loyal customers, a fine jewelry brand entrusted Trait&#8217;Tendance with the organization of a gala dinner in an exceptional setting.<\/p>\n<p>In the prestigious Salon des Boiseries at the <a href=\"https:\/\/www.mam.paris.fr\/\">Mus\u00e9e d&#8217;Art Moderne in Paris<\/a>, some thirty guests from all over the world gathered for a three-course gastronomic dinner:<\/p>\n<ul>\n<li>  Langoustine ravioli, artichoke pur\u00e9e, langoustine cream and <a href=\"https:\/\/www.trait-tendance.com\/en\/suppliers\/petrossian\/\">Petrossian<\/a> caviar<\/li>\n<li><a href=\"https:\/\/www.trait-tendance.com\/en\/suppliers\/conquet-house\/\">Maison Conquet<\/a> Aubrac beef fillet, Robuchon-style pur\u00e9e and P\u00e9rigord black truffle<\/li>\n<li>Forest fruit heart by <a href=\"https:\/\/www.trait-tendance.com\/en\/suppliers\/delicatisserie-by-nina-metayer\/\">Nina M\u00e9tayer<\/a><\/li>\n<\/ul>\n<p>A big thank you to our customers for their trust and for giving us carte blanche to express the art of living and entertaining &#8220;\u00e0 la fran\u00e7aise&#8221;, from decor to plate.<\/p>\n","protected":false},"excerpt":{"rendered":"<p>From September 25 to October 3, the heart of the capital beat to the frenetic rhythm of Fashion Week. Ten days of fashion shows, presentations and dinners in which the Trait&#8217;Tendance teams took part. To welcome and thank its most loyal customers, a fine jewelry brand entrusted Trait&#8217;Tendance with the organization of a gala dinner [&hellip;]<\/p>\n","protected":false},"author":13,"featured_media":103061,"comment_status":"closed","ping_status":"closed","sticky":false,"template":"","format":"standard","meta":{"footnotes":""},"categories":[199,202,203],"tags":[],"class_list":["post-104701","post","type-post","status-publish","format-standard","has-post-thumbnail","hentry","category-diary","category-event-locations-we-love","category-our-achievements"],"yoast_head":"<!-- This site is optimized with the Yoast SEO Premium plugin v27.4 (Yoast SEO v27.5) - https:\/\/yoast.com\/product\/yoast-seo-premium-wordpress\/ -->\n<title>Gala dinner at the Mus\u00e9e d&#039;Art Moderne - Trait&#039;Tendance<\/title>\n<meta name=\"description\" content=\"Trait&#039;Tendance - Diary - Gala dinner at the Mus\u00e9e d&#039;Art Moderne\" \/>\n<meta name=\"robots\" content=\"index, follow, max-snippet:-1, max-image-preview:large, max-video-preview:-1\" \/>\n<link rel=\"canonical\" href=\"https:\/\/www.trait-tendance.com\/en\/gala-dinner-at-the-musee-dart-moderne\/\" \/>\n<meta property=\"og:locale\" content=\"en_GB\" \/>\n<meta property=\"og:type\" content=\"article\" \/>\n<meta property=\"og:title\" content=\"Gala dinner at the Mus\u00e9e d&#039;Art Moderne\" \/>\n<meta property=\"og:description\" content=\"Trait&#039;Tendance - Diary - Gala dinner at the Mus\u00e9e d&#039;Art Moderne\" \/>\n<meta property=\"og:url\" content=\"https:\/\/www.trait-tendance.com\/en\/gala-dinner-at-the-musee-dart-moderne\/\" \/>\n<meta property=\"og:site_name\" content=\"Trait&#039;Tendance\" \/>\n<meta property=\"article:publisher\" content=\"https:\/\/www.facebook.com\/TraitTendanceParis\/\" \/>\n<meta property=\"article:published_time\" content=\"2023-10-19T13:00:20+00:00\" \/>\n<meta property=\"og:image\" content=\"https:\/\/www.trait-tendance.com\/wp-content\/uploads\/2017\/08\/projection-3d_musee-des-arts-decoratifs.jpg\" \/>\n\t<meta property=\"og:image:width\" content=\"1200\" \/>\n\t<meta property=\"og:image:height\" content=\"900\" \/>\n\t<meta property=\"og:image:type\" content=\"image\/jpeg\" \/>\n<meta name=\"author\" content=\"Celine Picy\" \/>\n<meta name=\"twitter:card\" content=\"summary_large_image\" \/>\n<meta name=\"twitter:creator\" content=\"@TraitTendance\" \/>\n<meta name=\"twitter:site\" content=\"@TraitTendance\" \/>\n<meta name=\"twitter:label1\" content=\"Written by\" \/>\n\t<meta name=\"twitter:data1\" content=\"Celine Picy\" \/>\n\t<meta name=\"twitter:label2\" content=\"Estimated reading time\" \/>\n\t<meta name=\"twitter:data2\" content=\"1 minute\" \/>\n<script type=\"application\/ld+json\" class=\"yoast-schema-graph\">{\"@context\":\"https:\\\/\\\/schema.org\",\"@graph\":[{\"@type\":\"Article\",\"@id\":\"https:\\\/\\\/www.trait-tendance.com\\\/en\\\/gala-dinner-at-the-musee-dart-moderne\\\/#article\",\"isPartOf\":{\"@id\":\"https:\\\/\\\/www.trait-tendance.com\\\/en\\\/gala-dinner-at-the-musee-dart-moderne\\\/\"},\"author\":{\"name\":\"Celine Picy\",\"@id\":\"https:\\\/\\\/www.trait-tendance.com\\\/en\\\/#\\\/schema\\\/person\\\/9bfcf0c349858299665d3272c0b70ca6\"},\"headline\":\"Gala dinner at the Mus\u00e9e d&#8217;Art Moderne\",\"datePublished\":\"2023-10-19T13:00:20+00:00\",\"mainEntityOfPage\":{\"@id\":\"https:\\\/\\\/www.trait-tendance.com\\\/en\\\/gala-dinner-at-the-musee-dart-moderne\\\/\"},\"wordCount\":158,\"publisher\":{\"@id\":\"https:\\\/\\\/www.trait-tendance.com\\\/en\\\/#organization\"},\"image\":{\"@id\":\"https:\\\/\\\/www.trait-tendance.com\\\/en\\\/gala-dinner-at-the-musee-dart-moderne\\\/#primaryimage\"},\"thumbnailUrl\":\"https:\\\/\\\/www.trait-tendance.com\\\/wp-content\\\/uploads\\\/2017\\\/08\\\/projection-3d_musee-des-arts-decoratifs.jpg\",\"articleSection\":[\"Diary\",\"Event locations we love\",\"Our achievements\"],\"inLanguage\":\"en-GB\"},{\"@type\":\"WebPage\",\"@id\":\"https:\\\/\\\/www.trait-tendance.com\\\/en\\\/gala-dinner-at-the-musee-dart-moderne\\\/\",\"url\":\"https:\\\/\\\/www.trait-tendance.com\\\/en\\\/gala-dinner-at-the-musee-dart-moderne\\\/\",\"name\":\"Gala dinner at the Mus\u00e9e d'Art Moderne - Trait&#039;Tendance\",\"isPartOf\":{\"@id\":\"https:\\\/\\\/www.trait-tendance.com\\\/en\\\/#website\"},\"primaryImageOfPage\":{\"@id\":\"https:\\\/\\\/www.trait-tendance.com\\\/en\\\/gala-dinner-at-the-musee-dart-moderne\\\/#primaryimage\"},\"image\":{\"@id\":\"https:\\\/\\\/www.trait-tendance.com\\\/en\\\/gala-dinner-at-the-musee-dart-moderne\\\/#primaryimage\"},\"thumbnailUrl\":\"https:\\\/\\\/www.trait-tendance.com\\\/wp-content\\\/uploads\\\/2017\\\/08\\\/projection-3d_musee-des-arts-decoratifs.jpg\",\"datePublished\":\"2023-10-19T13:00:20+00:00\",\"description\":\"Trait&#039;Tendance - Diary - Gala dinner at the Mus\u00e9e d'Art Moderne\",\"breadcrumb\":{\"@id\":\"https:\\\/\\\/www.trait-tendance.com\\\/en\\\/gala-dinner-at-the-musee-dart-moderne\\\/#breadcrumb\"},\"inLanguage\":\"en-GB\",\"potentialAction\":[{\"@type\":\"ReadAction\",\"target\":[\"https:\\\/\\\/www.trait-tendance.com\\\/en\\\/gala-dinner-at-the-musee-dart-moderne\\\/\"]}]},{\"@type\":\"ImageObject\",\"inLanguage\":\"en-GB\",\"@id\":\"https:\\\/\\\/www.trait-tendance.com\\\/en\\\/gala-dinner-at-the-musee-dart-moderne\\\/#primaryimage\",\"url\":\"https:\\\/\\\/www.trait-tendance.com\\\/wp-content\\\/uploads\\\/2017\\\/08\\\/projection-3d_musee-des-arts-decoratifs.jpg\",\"contentUrl\":\"https:\\\/\\\/www.trait-tendance.com\\\/wp-content\\\/uploads\\\/2017\\\/08\\\/projection-3d_musee-des-arts-decoratifs.jpg\",\"width\":1200,\"height\":900,\"caption\":\"D\u00eener fashion week mus\u00e9e d'art moderne\"},{\"@type\":\"BreadcrumbList\",\"@id\":\"https:\\\/\\\/www.trait-tendance.com\\\/en\\\/gala-dinner-at-the-musee-dart-moderne\\\/#breadcrumb\",\"itemListElement\":[{\"@type\":\"ListItem\",\"position\":1,\"name\":\"Accueil\",\"item\":\"https:\\\/\\\/www.trait-tendance.com\\\/en\\\/\"},{\"@type\":\"ListItem\",\"position\":2,\"name\":\"Gala dinner at the Mus\u00e9e d&#8217;Art Moderne\"}]},{\"@type\":\"WebSite\",\"@id\":\"https:\\\/\\\/www.trait-tendance.com\\\/en\\\/#website\",\"url\":\"https:\\\/\\\/www.trait-tendance.com\\\/en\\\/\",\"name\":\"Trait'Tendance\",\"description\":\"Traiteur \u00e9v\u00e9nementiel haut de gamme \u00e0 Paris\",\"publisher\":{\"@id\":\"https:\\\/\\\/www.trait-tendance.com\\\/en\\\/#organization\"},\"potentialAction\":[{\"@type\":\"SearchAction\",\"target\":{\"@type\":\"EntryPoint\",\"urlTemplate\":\"https:\\\/\\\/www.trait-tendance.com\\\/en\\\/?s={search_term_string}\"},\"query-input\":{\"@type\":\"PropertyValueSpecification\",\"valueRequired\":true,\"valueName\":\"search_term_string\"}}],\"inLanguage\":\"en-GB\"},{\"@type\":\"Organization\",\"@id\":\"https:\\\/\\\/www.trait-tendance.com\\\/en\\\/#organization\",\"name\":\"Trait'Tendance\",\"url\":\"https:\\\/\\\/www.trait-tendance.com\\\/en\\\/\",\"logo\":{\"@type\":\"ImageObject\",\"inLanguage\":\"en-GB\",\"@id\":\"https:\\\/\\\/www.trait-tendance.com\\\/en\\\/#\\\/schema\\\/logo\\\/image\\\/\",\"url\":\"https:\\\/\\\/www.trait-tendance.com\\\/wp-content\\\/uploads\\\/2017\\\/08\\\/cropped-favicon.png\",\"contentUrl\":\"https:\\\/\\\/www.trait-tendance.com\\\/wp-content\\\/uploads\\\/2017\\\/08\\\/cropped-favicon.png\",\"width\":512,\"height\":512,\"caption\":\"Trait'Tendance\"},\"image\":{\"@id\":\"https:\\\/\\\/www.trait-tendance.com\\\/en\\\/#\\\/schema\\\/logo\\\/image\\\/\"},\"sameAs\":[\"https:\\\/\\\/www.facebook.com\\\/TraitTendanceParis\\\/\",\"https:\\\/\\\/x.com\\\/TraitTendance\",\"https:\\\/\\\/www.instagram.com\\\/traittendance\\\/\",\"https:\\\/\\\/www.linkedin.com\\\/company\\\/traittendance\",\"https:\\\/\\\/www.pinterest.com\\\/traiteurdeco\\\/boards\\\/\",\"https:\\\/\\\/www.youtube.com\\\/channel\\\/UCWDoSOcaJjMCiGrJ6cddZMA\\\/videos\"]},{\"@type\":\"Person\",\"@id\":\"https:\\\/\\\/www.trait-tendance.com\\\/en\\\/#\\\/schema\\\/person\\\/9bfcf0c349858299665d3272c0b70ca6\",\"name\":\"Celine Picy\",\"image\":{\"@type\":\"ImageObject\",\"inLanguage\":\"en-GB\",\"@id\":\"https:\\\/\\\/secure.gravatar.com\\\/avatar\\\/0d9fad071dd3c6901eb9d5ea9b15a8a7d69211c4b389817c39e600c39390b13d?s=96&d=mm&r=g\",\"url\":\"https:\\\/\\\/secure.gravatar.com\\\/avatar\\\/0d9fad071dd3c6901eb9d5ea9b15a8a7d69211c4b389817c39e600c39390b13d?s=96&d=mm&r=g\",\"contentUrl\":\"https:\\\/\\\/secure.gravatar.com\\\/avatar\\\/0d9fad071dd3c6901eb9d5ea9b15a8a7d69211c4b389817c39e600c39390b13d?s=96&d=mm&r=g\",\"caption\":\"Celine Picy\"}}]}<\/script>\n<!-- \/ Yoast SEO Premium plugin. -->","yoast_head_json":{"title":"Gala dinner at the Mus\u00e9e d'Art Moderne - Trait&#039;Tendance","description":"Trait&#039;Tendance - Diary - Gala dinner at the Mus\u00e9e d'Art Moderne","robots":{"index":"index","follow":"follow","max-snippet":"max-snippet:-1","max-image-preview":"max-image-preview:large","max-video-preview":"max-video-preview:-1"},"canonical":"https:\/\/www.trait-tendance.com\/en\/gala-dinner-at-the-musee-dart-moderne\/","og_locale":"en_GB","og_type":"article","og_title":"Gala dinner at the Mus\u00e9e d'Art Moderne","og_description":"Trait&#039;Tendance - Diary - Gala dinner at the Mus\u00e9e d'Art Moderne","og_url":"https:\/\/www.trait-tendance.com\/en\/gala-dinner-at-the-musee-dart-moderne\/","og_site_name":"Trait&#039;Tendance","article_publisher":"https:\/\/www.facebook.com\/TraitTendanceParis\/","article_published_time":"2023-10-19T13:00:20+00:00","og_image":[{"width":1200,"height":900,"url":"https:\/\/www.trait-tendance.com\/wp-content\/uploads\/2017\/08\/projection-3d_musee-des-arts-decoratifs.jpg","type":"image\/jpeg"}],"author":"Celine Picy","twitter_card":"summary_large_image","twitter_creator":"@TraitTendance","twitter_site":"@TraitTendance","twitter_misc":{"Written by":"Celine Picy","Estimated reading time":"1 minute"},"schema":{"@context":"https:\/\/schema.org","@graph":[{"@type":"Article","@id":"https:\/\/www.trait-tendance.com\/en\/gala-dinner-at-the-musee-dart-moderne\/#article","isPartOf":{"@id":"https:\/\/www.trait-tendance.com\/en\/gala-dinner-at-the-musee-dart-moderne\/"},"author":{"name":"Celine Picy","@id":"https:\/\/www.trait-tendance.com\/en\/#\/schema\/person\/9bfcf0c349858299665d3272c0b70ca6"},"headline":"Gala dinner at the Mus\u00e9e d&#8217;Art Moderne","datePublished":"2023-10-19T13:00:20+00:00","mainEntityOfPage":{"@id":"https:\/\/www.trait-tendance.com\/en\/gala-dinner-at-the-musee-dart-moderne\/"},"wordCount":158,"publisher":{"@id":"https:\/\/www.trait-tendance.com\/en\/#organization"},"image":{"@id":"https:\/\/www.trait-tendance.com\/en\/gala-dinner-at-the-musee-dart-moderne\/#primaryimage"},"thumbnailUrl":"https:\/\/www.trait-tendance.com\/wp-content\/uploads\/2017\/08\/projection-3d_musee-des-arts-decoratifs.jpg","articleSection":["Diary","Event locations we love","Our achievements"],"inLanguage":"en-GB"},{"@type":"WebPage","@id":"https:\/\/www.trait-tendance.com\/en\/gala-dinner-at-the-musee-dart-moderne\/","url":"https:\/\/www.trait-tendance.com\/en\/gala-dinner-at-the-musee-dart-moderne\/","name":"Gala dinner at the Mus\u00e9e d'Art Moderne - Trait&#039;Tendance","isPartOf":{"@id":"https:\/\/www.trait-tendance.com\/en\/#website"},"primaryImageOfPage":{"@id":"https:\/\/www.trait-tendance.com\/en\/gala-dinner-at-the-musee-dart-moderne\/#primaryimage"},"image":{"@id":"https:\/\/www.trait-tendance.com\/en\/gala-dinner-at-the-musee-dart-moderne\/#primaryimage"},"thumbnailUrl":"https:\/\/www.trait-tendance.com\/wp-content\/uploads\/2017\/08\/projection-3d_musee-des-arts-decoratifs.jpg","datePublished":"2023-10-19T13:00:20+00:00","description":"Trait&#039;Tendance - Diary - Gala dinner at the Mus\u00e9e d'Art Moderne","breadcrumb":{"@id":"https:\/\/www.trait-tendance.com\/en\/gala-dinner-at-the-musee-dart-moderne\/#breadcrumb"},"inLanguage":"en-GB","potentialAction":[{"@type":"ReadAction","target":["https:\/\/www.trait-tendance.com\/en\/gala-dinner-at-the-musee-dart-moderne\/"]}]},{"@type":"ImageObject","inLanguage":"en-GB","@id":"https:\/\/www.trait-tendance.com\/en\/gala-dinner-at-the-musee-dart-moderne\/#primaryimage","url":"https:\/\/www.trait-tendance.com\/wp-content\/uploads\/2017\/08\/projection-3d_musee-des-arts-decoratifs.jpg","contentUrl":"https:\/\/www.trait-tendance.com\/wp-content\/uploads\/2017\/08\/projection-3d_musee-des-arts-decoratifs.jpg","width":1200,"height":900,"caption":"D\u00eener fashion week mus\u00e9e d'art moderne"},{"@type":"BreadcrumbList","@id":"https:\/\/www.trait-tendance.com\/en\/gala-dinner-at-the-musee-dart-moderne\/#breadcrumb","itemListElement":[{"@type":"ListItem","position":1,"name":"Accueil","item":"https:\/\/www.trait-tendance.com\/en\/"},{"@type":"ListItem","position":2,"name":"Gala dinner at the Mus\u00e9e d&#8217;Art Moderne"}]},{"@type":"WebSite","@id":"https:\/\/www.trait-tendance.com\/en\/#website","url":"https:\/\/www.trait-tendance.com\/en\/","name":"Trait'Tendance","description":"Traiteur \u00e9v\u00e9nementiel haut de gamme \u00e0 Paris","publisher":{"@id":"https:\/\/www.trait-tendance.com\/en\/#organization"},"potentialAction":[{"@type":"SearchAction","target":{"@type":"EntryPoint","urlTemplate":"https:\/\/www.trait-tendance.com\/en\/?s={search_term_string}"},"query-input":{"@type":"PropertyValueSpecification","valueRequired":true,"valueName":"search_term_string"}}],"inLanguage":"en-GB"},{"@type":"Organization","@id":"https:\/\/www.trait-tendance.com\/en\/#organization","name":"Trait'Tendance","url":"https:\/\/www.trait-tendance.com\/en\/","logo":{"@type":"ImageObject","inLanguage":"en-GB","@id":"https:\/\/www.trait-tendance.com\/en\/#\/schema\/logo\/image\/","url":"https:\/\/www.trait-tendance.com\/wp-content\/uploads\/2017\/08\/cropped-favicon.png","contentUrl":"https:\/\/www.trait-tendance.com\/wp-content\/uploads\/2017\/08\/cropped-favicon.png","width":512,"height":512,"caption":"Trait'Tendance"},"image":{"@id":"https:\/\/www.trait-tendance.com\/en\/#\/schema\/logo\/image\/"},"sameAs":["https:\/\/www.facebook.com\/TraitTendanceParis\/","https:\/\/x.com\/TraitTendance","https:\/\/www.instagram.com\/traittendance\/","https:\/\/www.linkedin.com\/company\/traittendance","https:\/\/www.pinterest.com\/traiteurdeco\/boards\/","https:\/\/www.youtube.com\/channel\/UCWDoSOcaJjMCiGrJ6cddZMA\/videos"]},{"@type":"Person","@id":"https:\/\/www.trait-tendance.com\/en\/#\/schema\/person\/9bfcf0c349858299665d3272c0b70ca6","name":"Celine Picy","image":{"@type":"ImageObject","inLanguage":"en-GB","@id":"https:\/\/secure.gravatar.com\/avatar\/0d9fad071dd3c6901eb9d5ea9b15a8a7d69211c4b389817c39e600c39390b13d?s=96&d=mm&r=g","url":"https:\/\/secure.gravatar.com\/avatar\/0d9fad071dd3c6901eb9d5ea9b15a8a7d69211c4b389817c39e600c39390b13d?s=96&d=mm&r=g","contentUrl":"https:\/\/secure.gravatar.com\/avatar\/0d9fad071dd3c6901eb9d5ea9b15a8a7d69211c4b389817c39e600c39390b13d?s=96&d=mm&r=g","caption":"Celine Picy"}}]}},"_links":{"self":[{"href":"https:\/\/www.trait-tendance.com\/en\/wp-json\/wp\/v2\/posts\/104701","targetHints":{"allow":["GET"]}}],"collection":[{"href":"https:\/\/www.trait-tendance.com\/en\/wp-json\/wp\/v2\/posts"}],"about":[{"href":"https:\/\/www.trait-tendance.com\/en\/wp-json\/wp\/v2\/types\/post"}],"author":[{"embeddable":true,"href":"https:\/\/www.trait-tendance.com\/en\/wp-json\/wp\/v2\/users\/13"}],"replies":[{"embeddable":true,"href":"https:\/\/www.trait-tendance.com\/en\/wp-json\/wp\/v2\/comments?post=104701"}],"version-history":[{"count":0,"href":"https:\/\/www.trait-tendance.com\/en\/wp-json\/wp\/v2\/posts\/104701\/revisions"}],"wp:featuredmedia":[{"embeddable":true,"href":"https:\/\/www.trait-tendance.com\/en\/wp-json\/wp\/v2\/media\/103061"}],"wp:attachment":[{"href":"https:\/\/www.trait-tendance.com\/en\/wp-json\/wp\/v2\/media?parent=104701"}],"wp:term":[{"taxonomy":"category","embeddable":true,"href":"https:\/\/www.trait-tendance.com\/en\/wp-json\/wp\/v2\/categories?post=104701"},{"taxonomy":"post_tag","embeddable":true,"href":"https:\/\/www.trait-tendance.com\/en\/wp-json\/wp\/v2\/tags?post=104701"}],"curies":[{"name":"wp","href":"https:\/\/api.w.org\/{rel}","templated":true}]}}