{"id":104708,"date":"2023-11-14T16:50:45","date_gmt":"2023-11-14T15:50:45","guid":{"rendered":"https:\/\/www.trait-tendance.com\/actualites\/equans-x-hotel-national-des-invalides-gala-evening\/"},"modified":"2023-11-14T16:50:45","modified_gmt":"2023-11-14T15:50:45","slug":"equans-x-hotel-national-des-invalides-gala-evening","status":"publish","type":"post","link":"https:\/\/www.trait-tendance.com\/en\/equans-x-hotel-national-des-invalides-gala-evening\/","title":{"rendered":"Equans X H\u00f4tel National des Invalides gala evening"},"content":{"rendered":"<p>A few days ago, one of France&#8217;s &#8211; and the world&#8217;s &#8211; leading energy distributors invited journalists, customers and employees to a launch party at the prestigious <a href=\"https:\/\/www.musee-armee.fr\/votre-visite\/les-espaces-du-musee\/lhotel-national-des-invalides.html\">Mus\u00e9e de l&#8217;Arm\u00e9e &#8211; H\u00f4tel national des Invalides<\/a>.<\/p>\n<p>The event, entirely designed by Trait&#8217;Tendance, offered guests an artistic and culinary interlude in the heart of Paris.<br \/>\nUnder the gaze of Louis XIV, and against a backdrop of live music, everyone was able to enjoy cocktails and sweet and savoury culinary workshops:<\/p>\n<ul>\n<li>Mini mushroom, ricotta and pine nut tartlets<\/li>\n<li><a href=\"https:\/\/www.trait-tendance.com\/en\/suppliers\/conquet-house\/\">Aubrac beef<\/a> tenderloin with Buenos Aires garnish<\/li>\n<li>Breton scallops and almond milk foam<\/li>\n<li style=\"text-align: left;\">Assortment of mignardises by <a href=\"https:\/\/www.trait-tendance.com\/en\/suppliers\/delicatisserie-by-nina-metayer\/\">Nina M\u00e9tayer<\/a> and choux <a href=\"https:\/\/www.trait-tendance.com\/en\/suppliers\/popelini\/\">Popelini <\/a> <\/li>\n<\/ul>\n<p>Many thanks to our customers for their confidence, to the <a href=\"https:\/\/www.musee-armee.fr\/votre-visite\/les-espaces-du-musee\/lhotel-national-des-invalides.html\">Mus\u00e9e de l&#8217;Arm\u00e9e &#8211; H\u00f4tel national des Invalides<\/a> for its warm welcome, and to our team, chefs and staff for their constant commitment.<\/p>\n<p>Photos: Thibault Desplats<\/p>\n","protected":false},"excerpt":{"rendered":"<p>A few days ago, one of France&#8217;s &#8211; and the world&#8217;s &#8211; leading energy distributors invited journalists, customers and employees to a launch party at the prestigious Mus\u00e9e de l&#8217;Arm\u00e9e &#8211; H\u00f4tel national des Invalides. The event, entirely designed by Trait&#8217;Tendance, offered guests an artistic and culinary interlude in the heart of Paris. Under the [&hellip;]<\/p>\n","protected":false},"author":13,"featured_media":103086,"comment_status":"closed","ping_status":"closed","sticky":false,"template":"","format":"standard","meta":{"footnotes":""},"categories":[199,202,203],"tags":[],"class_list":["post-104708","post","type-post","status-publish","format-standard","has-post-thumbnail","hentry","category-diary","category-event-locations-we-love","category-our-achievements"],"yoast_head":"<!-- This site is optimized with the Yoast SEO Premium plugin v27.4 (Yoast SEO v27.5) - https:\/\/yoast.com\/product\/yoast-seo-premium-wordpress\/ -->\n<title>Equans X H\u00f4tel National des Invalides gala evening - Trait&#039;Tendance<\/title>\n<meta name=\"description\" content=\"Trait&#039;Tendance - Diary - Equans X H\u00f4tel National des Invalides gala evening\" \/>\n<meta name=\"robots\" content=\"index, follow, max-snippet:-1, max-image-preview:large, max-video-preview:-1\" \/>\n<link rel=\"canonical\" href=\"https:\/\/www.trait-tendance.com\/en\/equans-x-hotel-national-des-invalides-gala-evening\/\" \/>\n<meta property=\"og:locale\" content=\"en_GB\" \/>\n<meta property=\"og:type\" content=\"article\" \/>\n<meta property=\"og:title\" content=\"Equans X H\u00f4tel National des Invalides gala evening\" \/>\n<meta property=\"og:description\" content=\"Trait&#039;Tendance - Diary - Equans X H\u00f4tel National des Invalides gala evening\" \/>\n<meta property=\"og:url\" content=\"https:\/\/www.trait-tendance.com\/en\/equans-x-hotel-national-des-invalides-gala-evening\/\" \/>\n<meta property=\"og:site_name\" content=\"Trait&#039;Tendance\" \/>\n<meta property=\"article:publisher\" content=\"https:\/\/www.facebook.com\/TraitTendanceParis\/\" \/>\n<meta property=\"article:published_time\" content=\"2023-11-14T15:50:45+00:00\" \/>\n<meta property=\"og:image\" content=\"https:\/\/www.trait-tendance.com\/wp-content\/uploads\/2023\/11\/equans-invalides-01-edit-scaled.jpg\" \/>\n\t<meta property=\"og:image:width\" content=\"2560\" \/>\n\t<meta property=\"og:image:height\" content=\"1920\" \/>\n\t<meta property=\"og:image:type\" content=\"image\/jpeg\" \/>\n<meta name=\"author\" content=\"Celine Picy\" \/>\n<meta name=\"twitter:card\" content=\"summary_large_image\" \/>\n<meta name=\"twitter:creator\" content=\"@TraitTendance\" \/>\n<meta name=\"twitter:site\" content=\"@TraitTendance\" \/>\n<meta name=\"twitter:label1\" content=\"Written by\" \/>\n\t<meta name=\"twitter:data1\" content=\"Celine Picy\" \/>\n\t<meta name=\"twitter:label2\" content=\"Estimated reading time\" \/>\n\t<meta name=\"twitter:data2\" content=\"1 minute\" \/>\n<script type=\"application\/ld+json\" class=\"yoast-schema-graph\">{\"@context\":\"https:\\\/\\\/schema.org\",\"@graph\":[{\"@type\":\"Article\",\"@id\":\"https:\\\/\\\/www.trait-tendance.com\\\/en\\\/equans-x-hotel-national-des-invalides-gala-evening\\\/#article\",\"isPartOf\":{\"@id\":\"https:\\\/\\\/www.trait-tendance.com\\\/en\\\/equans-x-hotel-national-des-invalides-gala-evening\\\/\"},\"author\":{\"name\":\"Celine Picy\",\"@id\":\"https:\\\/\\\/www.trait-tendance.com\\\/en\\\/#\\\/schema\\\/person\\\/9bfcf0c349858299665d3272c0b70ca6\"},\"headline\":\"Equans X H\u00f4tel National des Invalides gala evening\",\"datePublished\":\"2023-11-14T15:50:45+00:00\",\"mainEntityOfPage\":{\"@id\":\"https:\\\/\\\/www.trait-tendance.com\\\/en\\\/equans-x-hotel-national-des-invalides-gala-evening\\\/\"},\"wordCount\":164,\"publisher\":{\"@id\":\"https:\\\/\\\/www.trait-tendance.com\\\/en\\\/#organization\"},\"image\":{\"@id\":\"https:\\\/\\\/www.trait-tendance.com\\\/en\\\/equans-x-hotel-national-des-invalides-gala-evening\\\/#primaryimage\"},\"thumbnailUrl\":\"https:\\\/\\\/www.trait-tendance.com\\\/wp-content\\\/uploads\\\/2023\\\/11\\\/equans-invalides-01-edit-scaled.jpg\",\"articleSection\":[\"Diary\",\"Event locations we love\",\"Our achievements\"],\"inLanguage\":\"en-GB\"},{\"@type\":\"WebPage\",\"@id\":\"https:\\\/\\\/www.trait-tendance.com\\\/en\\\/equans-x-hotel-national-des-invalides-gala-evening\\\/\",\"url\":\"https:\\\/\\\/www.trait-tendance.com\\\/en\\\/equans-x-hotel-national-des-invalides-gala-evening\\\/\",\"name\":\"Equans X H\u00f4tel National des Invalides gala evening - Trait&#039;Tendance\",\"isPartOf\":{\"@id\":\"https:\\\/\\\/www.trait-tendance.com\\\/en\\\/#website\"},\"primaryImageOfPage\":{\"@id\":\"https:\\\/\\\/www.trait-tendance.com\\\/en\\\/equans-x-hotel-national-des-invalides-gala-evening\\\/#primaryimage\"},\"image\":{\"@id\":\"https:\\\/\\\/www.trait-tendance.com\\\/en\\\/equans-x-hotel-national-des-invalides-gala-evening\\\/#primaryimage\"},\"thumbnailUrl\":\"https:\\\/\\\/www.trait-tendance.com\\\/wp-content\\\/uploads\\\/2023\\\/11\\\/equans-invalides-01-edit-scaled.jpg\",\"datePublished\":\"2023-11-14T15:50:45+00:00\",\"description\":\"Trait&#039;Tendance - Diary - Equans X H\u00f4tel National des Invalides gala evening\",\"breadcrumb\":{\"@id\":\"https:\\\/\\\/www.trait-tendance.com\\\/en\\\/equans-x-hotel-national-des-invalides-gala-evening\\\/#breadcrumb\"},\"inLanguage\":\"en-GB\",\"potentialAction\":[{\"@type\":\"ReadAction\",\"target\":[\"https:\\\/\\\/www.trait-tendance.com\\\/en\\\/equans-x-hotel-national-des-invalides-gala-evening\\\/\"]}]},{\"@type\":\"ImageObject\",\"inLanguage\":\"en-GB\",\"@id\":\"https:\\\/\\\/www.trait-tendance.com\\\/en\\\/equans-x-hotel-national-des-invalides-gala-evening\\\/#primaryimage\",\"url\":\"https:\\\/\\\/www.trait-tendance.com\\\/wp-content\\\/uploads\\\/2023\\\/11\\\/equans-invalides-01-edit-scaled.jpg\",\"contentUrl\":\"https:\\\/\\\/www.trait-tendance.com\\\/wp-content\\\/uploads\\\/2023\\\/11\\\/equans-invalides-01-edit-scaled.jpg\",\"width\":2560,\"height\":1920,\"caption\":\"Soir\u00e9e de gala Bouygues invalides\"},{\"@type\":\"BreadcrumbList\",\"@id\":\"https:\\\/\\\/www.trait-tendance.com\\\/en\\\/equans-x-hotel-national-des-invalides-gala-evening\\\/#breadcrumb\",\"itemListElement\":[{\"@type\":\"ListItem\",\"position\":1,\"name\":\"Accueil\",\"item\":\"https:\\\/\\\/www.trait-tendance.com\\\/en\\\/\"},{\"@type\":\"ListItem\",\"position\":2,\"name\":\"Equans X H\u00f4tel National des Invalides gala evening\"}]},{\"@type\":\"WebSite\",\"@id\":\"https:\\\/\\\/www.trait-tendance.com\\\/en\\\/#website\",\"url\":\"https:\\\/\\\/www.trait-tendance.com\\\/en\\\/\",\"name\":\"Trait'Tendance\",\"description\":\"Traiteur \u00e9v\u00e9nementiel haut de gamme \u00e0 Paris\",\"publisher\":{\"@id\":\"https:\\\/\\\/www.trait-tendance.com\\\/en\\\/#organization\"},\"potentialAction\":[{\"@type\":\"SearchAction\",\"target\":{\"@type\":\"EntryPoint\",\"urlTemplate\":\"https:\\\/\\\/www.trait-tendance.com\\\/en\\\/?s={search_term_string}\"},\"query-input\":{\"@type\":\"PropertyValueSpecification\",\"valueRequired\":true,\"valueName\":\"search_term_string\"}}],\"inLanguage\":\"en-GB\"},{\"@type\":\"Organization\",\"@id\":\"https:\\\/\\\/www.trait-tendance.com\\\/en\\\/#organization\",\"name\":\"Trait'Tendance\",\"url\":\"https:\\\/\\\/www.trait-tendance.com\\\/en\\\/\",\"logo\":{\"@type\":\"ImageObject\",\"inLanguage\":\"en-GB\",\"@id\":\"https:\\\/\\\/www.trait-tendance.com\\\/en\\\/#\\\/schema\\\/logo\\\/image\\\/\",\"url\":\"https:\\\/\\\/www.trait-tendance.com\\\/wp-content\\\/uploads\\\/2017\\\/08\\\/cropped-favicon.png\",\"contentUrl\":\"https:\\\/\\\/www.trait-tendance.com\\\/wp-content\\\/uploads\\\/2017\\\/08\\\/cropped-favicon.png\",\"width\":512,\"height\":512,\"caption\":\"Trait'Tendance\"},\"image\":{\"@id\":\"https:\\\/\\\/www.trait-tendance.com\\\/en\\\/#\\\/schema\\\/logo\\\/image\\\/\"},\"sameAs\":[\"https:\\\/\\\/www.facebook.com\\\/TraitTendanceParis\\\/\",\"https:\\\/\\\/x.com\\\/TraitTendance\",\"https:\\\/\\\/www.instagram.com\\\/traittendance\\\/\",\"https:\\\/\\\/www.linkedin.com\\\/company\\\/traittendance\",\"https:\\\/\\\/www.pinterest.com\\\/traiteurdeco\\\/boards\\\/\",\"https:\\\/\\\/www.youtube.com\\\/channel\\\/UCWDoSOcaJjMCiGrJ6cddZMA\\\/videos\"]},{\"@type\":\"Person\",\"@id\":\"https:\\\/\\\/www.trait-tendance.com\\\/en\\\/#\\\/schema\\\/person\\\/9bfcf0c349858299665d3272c0b70ca6\",\"name\":\"Celine Picy\",\"image\":{\"@type\":\"ImageObject\",\"inLanguage\":\"en-GB\",\"@id\":\"https:\\\/\\\/secure.gravatar.com\\\/avatar\\\/0d9fad071dd3c6901eb9d5ea9b15a8a7d69211c4b389817c39e600c39390b13d?s=96&d=mm&r=g\",\"url\":\"https:\\\/\\\/secure.gravatar.com\\\/avatar\\\/0d9fad071dd3c6901eb9d5ea9b15a8a7d69211c4b389817c39e600c39390b13d?s=96&d=mm&r=g\",\"contentUrl\":\"https:\\\/\\\/secure.gravatar.com\\\/avatar\\\/0d9fad071dd3c6901eb9d5ea9b15a8a7d69211c4b389817c39e600c39390b13d?s=96&d=mm&r=g\",\"caption\":\"Celine Picy\"}}]}<\/script>\n<!-- \/ Yoast SEO Premium plugin. -->","yoast_head_json":{"title":"Equans X H\u00f4tel National des Invalides gala evening - Trait&#039;Tendance","description":"Trait&#039;Tendance - Diary - Equans X H\u00f4tel National des Invalides gala evening","robots":{"index":"index","follow":"follow","max-snippet":"max-snippet:-1","max-image-preview":"max-image-preview:large","max-video-preview":"max-video-preview:-1"},"canonical":"https:\/\/www.trait-tendance.com\/en\/equans-x-hotel-national-des-invalides-gala-evening\/","og_locale":"en_GB","og_type":"article","og_title":"Equans X H\u00f4tel National des Invalides gala evening","og_description":"Trait&#039;Tendance - Diary - Equans X H\u00f4tel National des Invalides gala evening","og_url":"https:\/\/www.trait-tendance.com\/en\/equans-x-hotel-national-des-invalides-gala-evening\/","og_site_name":"Trait&#039;Tendance","article_publisher":"https:\/\/www.facebook.com\/TraitTendanceParis\/","article_published_time":"2023-11-14T15:50:45+00:00","og_image":[{"width":2560,"height":1920,"url":"https:\/\/www.trait-tendance.com\/wp-content\/uploads\/2023\/11\/equans-invalides-01-edit-scaled.jpg","type":"image\/jpeg"}],"author":"Celine Picy","twitter_card":"summary_large_image","twitter_creator":"@TraitTendance","twitter_site":"@TraitTendance","twitter_misc":{"Written by":"Celine Picy","Estimated reading time":"1 minute"},"schema":{"@context":"https:\/\/schema.org","@graph":[{"@type":"Article","@id":"https:\/\/www.trait-tendance.com\/en\/equans-x-hotel-national-des-invalides-gala-evening\/#article","isPartOf":{"@id":"https:\/\/www.trait-tendance.com\/en\/equans-x-hotel-national-des-invalides-gala-evening\/"},"author":{"name":"Celine Picy","@id":"https:\/\/www.trait-tendance.com\/en\/#\/schema\/person\/9bfcf0c349858299665d3272c0b70ca6"},"headline":"Equans X H\u00f4tel National des Invalides gala evening","datePublished":"2023-11-14T15:50:45+00:00","mainEntityOfPage":{"@id":"https:\/\/www.trait-tendance.com\/en\/equans-x-hotel-national-des-invalides-gala-evening\/"},"wordCount":164,"publisher":{"@id":"https:\/\/www.trait-tendance.com\/en\/#organization"},"image":{"@id":"https:\/\/www.trait-tendance.com\/en\/equans-x-hotel-national-des-invalides-gala-evening\/#primaryimage"},"thumbnailUrl":"https:\/\/www.trait-tendance.com\/wp-content\/uploads\/2023\/11\/equans-invalides-01-edit-scaled.jpg","articleSection":["Diary","Event locations we love","Our achievements"],"inLanguage":"en-GB"},{"@type":"WebPage","@id":"https:\/\/www.trait-tendance.com\/en\/equans-x-hotel-national-des-invalides-gala-evening\/","url":"https:\/\/www.trait-tendance.com\/en\/equans-x-hotel-national-des-invalides-gala-evening\/","name":"Equans X H\u00f4tel National des Invalides gala evening - Trait&#039;Tendance","isPartOf":{"@id":"https:\/\/www.trait-tendance.com\/en\/#website"},"primaryImageOfPage":{"@id":"https:\/\/www.trait-tendance.com\/en\/equans-x-hotel-national-des-invalides-gala-evening\/#primaryimage"},"image":{"@id":"https:\/\/www.trait-tendance.com\/en\/equans-x-hotel-national-des-invalides-gala-evening\/#primaryimage"},"thumbnailUrl":"https:\/\/www.trait-tendance.com\/wp-content\/uploads\/2023\/11\/equans-invalides-01-edit-scaled.jpg","datePublished":"2023-11-14T15:50:45+00:00","description":"Trait&#039;Tendance - Diary - Equans X H\u00f4tel National des Invalides gala evening","breadcrumb":{"@id":"https:\/\/www.trait-tendance.com\/en\/equans-x-hotel-national-des-invalides-gala-evening\/#breadcrumb"},"inLanguage":"en-GB","potentialAction":[{"@type":"ReadAction","target":["https:\/\/www.trait-tendance.com\/en\/equans-x-hotel-national-des-invalides-gala-evening\/"]}]},{"@type":"ImageObject","inLanguage":"en-GB","@id":"https:\/\/www.trait-tendance.com\/en\/equans-x-hotel-national-des-invalides-gala-evening\/#primaryimage","url":"https:\/\/www.trait-tendance.com\/wp-content\/uploads\/2023\/11\/equans-invalides-01-edit-scaled.jpg","contentUrl":"https:\/\/www.trait-tendance.com\/wp-content\/uploads\/2023\/11\/equans-invalides-01-edit-scaled.jpg","width":2560,"height":1920,"caption":"Soir\u00e9e de gala Bouygues invalides"},{"@type":"BreadcrumbList","@id":"https:\/\/www.trait-tendance.com\/en\/equans-x-hotel-national-des-invalides-gala-evening\/#breadcrumb","itemListElement":[{"@type":"ListItem","position":1,"name":"Accueil","item":"https:\/\/www.trait-tendance.com\/en\/"},{"@type":"ListItem","position":2,"name":"Equans X H\u00f4tel National des Invalides gala evening"}]},{"@type":"WebSite","@id":"https:\/\/www.trait-tendance.com\/en\/#website","url":"https:\/\/www.trait-tendance.com\/en\/","name":"Trait'Tendance","description":"Traiteur \u00e9v\u00e9nementiel haut de gamme \u00e0 Paris","publisher":{"@id":"https:\/\/www.trait-tendance.com\/en\/#organization"},"potentialAction":[{"@type":"SearchAction","target":{"@type":"EntryPoint","urlTemplate":"https:\/\/www.trait-tendance.com\/en\/?s={search_term_string}"},"query-input":{"@type":"PropertyValueSpecification","valueRequired":true,"valueName":"search_term_string"}}],"inLanguage":"en-GB"},{"@type":"Organization","@id":"https:\/\/www.trait-tendance.com\/en\/#organization","name":"Trait'Tendance","url":"https:\/\/www.trait-tendance.com\/en\/","logo":{"@type":"ImageObject","inLanguage":"en-GB","@id":"https:\/\/www.trait-tendance.com\/en\/#\/schema\/logo\/image\/","url":"https:\/\/www.trait-tendance.com\/wp-content\/uploads\/2017\/08\/cropped-favicon.png","contentUrl":"https:\/\/www.trait-tendance.com\/wp-content\/uploads\/2017\/08\/cropped-favicon.png","width":512,"height":512,"caption":"Trait'Tendance"},"image":{"@id":"https:\/\/www.trait-tendance.com\/en\/#\/schema\/logo\/image\/"},"sameAs":["https:\/\/www.facebook.com\/TraitTendanceParis\/","https:\/\/x.com\/TraitTendance","https:\/\/www.instagram.com\/traittendance\/","https:\/\/www.linkedin.com\/company\/traittendance","https:\/\/www.pinterest.com\/traiteurdeco\/boards\/","https:\/\/www.youtube.com\/channel\/UCWDoSOcaJjMCiGrJ6cddZMA\/videos"]},{"@type":"Person","@id":"https:\/\/www.trait-tendance.com\/en\/#\/schema\/person\/9bfcf0c349858299665d3272c0b70ca6","name":"Celine Picy","image":{"@type":"ImageObject","inLanguage":"en-GB","@id":"https:\/\/secure.gravatar.com\/avatar\/0d9fad071dd3c6901eb9d5ea9b15a8a7d69211c4b389817c39e600c39390b13d?s=96&d=mm&r=g","url":"https:\/\/secure.gravatar.com\/avatar\/0d9fad071dd3c6901eb9d5ea9b15a8a7d69211c4b389817c39e600c39390b13d?s=96&d=mm&r=g","contentUrl":"https:\/\/secure.gravatar.com\/avatar\/0d9fad071dd3c6901eb9d5ea9b15a8a7d69211c4b389817c39e600c39390b13d?s=96&d=mm&r=g","caption":"Celine Picy"}}]}},"_links":{"self":[{"href":"https:\/\/www.trait-tendance.com\/en\/wp-json\/wp\/v2\/posts\/104708","targetHints":{"allow":["GET"]}}],"collection":[{"href":"https:\/\/www.trait-tendance.com\/en\/wp-json\/wp\/v2\/posts"}],"about":[{"href":"https:\/\/www.trait-tendance.com\/en\/wp-json\/wp\/v2\/types\/post"}],"author":[{"embeddable":true,"href":"https:\/\/www.trait-tendance.com\/en\/wp-json\/wp\/v2\/users\/13"}],"replies":[{"embeddable":true,"href":"https:\/\/www.trait-tendance.com\/en\/wp-json\/wp\/v2\/comments?post=104708"}],"version-history":[{"count":0,"href":"https:\/\/www.trait-tendance.com\/en\/wp-json\/wp\/v2\/posts\/104708\/revisions"}],"wp:featuredmedia":[{"embeddable":true,"href":"https:\/\/www.trait-tendance.com\/en\/wp-json\/wp\/v2\/media\/103086"}],"wp:attachment":[{"href":"https:\/\/www.trait-tendance.com\/en\/wp-json\/wp\/v2\/media?parent=104708"}],"wp:term":[{"taxonomy":"category","embeddable":true,"href":"https:\/\/www.trait-tendance.com\/en\/wp-json\/wp\/v2\/categories?post=104708"},{"taxonomy":"post_tag","embeddable":true,"href":"https:\/\/www.trait-tendance.com\/en\/wp-json\/wp\/v2\/tags?post=104708"}],"curies":[{"name":"wp","href":"https:\/\/api.w.org\/{rel}","templated":true}]}}