{"id":104891,"date":"2019-05-13T11:46:54","date_gmt":"2019-05-13T09:46:54","guid":{"rendered":"https:\/\/www.trait-tendance.com\/actualites\/private-dinner-at-the-jardins-du-pont-neuf\/"},"modified":"2019-05-13T11:46:54","modified_gmt":"2019-05-13T09:46:54","slug":"private-dinner-at-the-jardins-du-pont-neuf","status":"publish","type":"post","link":"https:\/\/www.trait-tendance.com\/en\/private-dinner-at-the-jardins-du-pont-neuf\/","title":{"rendered":"Private dinner at the Jardins du Pont Neuf"},"content":{"rendered":"<p><span data-contrast=\"auto\">In April, two Trait&#8217;Tendance events took place at the <a href=\"https:\/\/www.trait-tendance.com\/en\/room-rental\/atypical-places-for-companies-unusual-room-rental\/pont-neuf-gardens\/\">Jardins du Pont Neuf<\/a>. At the foot of the Ile de la Cit\u00e9, guests enjoyed the last warm and colorful rays of the day, with the Seine and Paris&#8217;s most beautiful monuments on the horizon.  <\/span><span data-ccp-props=\"{\"201341983\":0,\"335551550\":1,\"335551620\":1,\"335559739\":160,\"335559740\":259}\"> <\/span><\/p>\n<p><span data-contrast=\"auto\">Trait&#8217;Tendance celebrated the arrival of spring, punctuating these two festive evenings with refined<a href=\"https:\/\/www.trait-tendance.com\/en\/luxury-caterer\/culinary-events\/\">culinary animations<\/a>, such as a tasting of 36-month-aged Puro Bellota Iberian ham and a crab and piquillo crumble. After a few dance steps, guests were seated at the table to discover our Aubrac beef tenderloin from <a href=\"https:\/\/www.trait-tendance.com\/en\/suppliers\/conquet-house\/\">Maison Conquet<\/a> and magnificent oven-roasted turbot fillets, each accompanied by exceptional products.<\/span><span data-ccp-props=\"{\"201341983\":0,\"335551550\":1,\"335551620\":1,\"335559739\":160,\"335559740\":259}\"> <\/span><\/p>\n<p><span data-contrast=\"auto\">The evening ended on a sweet note with an avalanche of <a href=\"https:\/\/www.trait-tendance.com\/en\/suppliers\/popelini\/\">Popelini<\/a> choux pastries and a huge wedding cake by <a href=\"https:\/\/www.trait-tendance.com\/en\/suppliers\/hugo-victor\/\">Hugo &amp;<\/a> Victor.<\/span><span data-ccp-props=\"{\"201341983\":0,\"335551550\":1,\"335551620\":1,\"335559739\":160,\"335559740\":259}\"> <\/span><\/p>\n","protected":false},"excerpt":{"rendered":"<p>In April, two Trait&#8217;Tendance events took place at the Jardins du Pont Neuf. At the foot of the Ile de la Cit\u00e9, guests enjoyed the last warm and colorful rays of the day, with the Seine and Paris&#8217;s most beautiful monuments on the horizon. Trait&#8217;Tendance celebrated the arrival of spring, punctuating these two festive evenings [&hellip;]<\/p>\n","protected":false},"author":16,"featured_media":100916,"comment_status":"closed","ping_status":"closed","sticky":false,"template":"","format":"standard","meta":{"footnotes":""},"categories":[199,203],"tags":[],"class_list":["post-104891","post","type-post","status-publish","format-standard","has-post-thumbnail","hentry","category-diary","category-our-achievements"],"yoast_head":"<!-- This site is optimized with the Yoast SEO Premium plugin v27.4 (Yoast SEO v27.5) - https:\/\/yoast.com\/product\/yoast-seo-premium-wordpress\/ -->\n<title>Private dinner at the Jardins du Pont Neuf - Trait&#039;Tendance<\/title>\n<meta name=\"description\" content=\"Trait&#039;Tendance - Our achievements - Private dinner at the Jardins du Pont Neuf\" \/>\n<meta name=\"robots\" content=\"index, follow, max-snippet:-1, max-image-preview:large, max-video-preview:-1\" \/>\n<link rel=\"canonical\" href=\"https:\/\/www.trait-tendance.com\/en\/private-dinner-at-the-jardins-du-pont-neuf\/\" \/>\n<meta property=\"og:locale\" content=\"en_GB\" \/>\n<meta property=\"og:type\" content=\"article\" \/>\n<meta property=\"og:title\" content=\"Private dinner at the Jardins du Pont Neuf\" \/>\n<meta property=\"og:description\" content=\"Trait&#039;Tendance - Our achievements - Private dinner at the Jardins du Pont Neuf\" \/>\n<meta property=\"og:url\" content=\"https:\/\/www.trait-tendance.com\/en\/private-dinner-at-the-jardins-du-pont-neuf\/\" \/>\n<meta property=\"og:site_name\" content=\"Trait&#039;Tendance\" \/>\n<meta property=\"article:publisher\" content=\"https:\/\/www.facebook.com\/TraitTendanceParis\/\" \/>\n<meta property=\"article:published_time\" content=\"2019-05-13T09:46:54+00:00\" \/>\n<meta property=\"og:image\" content=\"https:\/\/www.trait-tendance.com\/wp-content\/uploads\/2019\/05\/int\u00e9rieur-jardins-du-pont-neuf-de-nuit.png\" \/>\n\t<meta property=\"og:image:width\" content=\"1068\" \/>\n\t<meta property=\"og:image:height\" content=\"801\" \/>\n\t<meta property=\"og:image:type\" content=\"image\/png\" \/>\n<meta name=\"author\" content=\"Sophie Raux\" \/>\n<meta name=\"twitter:card\" content=\"summary_large_image\" \/>\n<meta name=\"twitter:creator\" content=\"@TraitTendance\" \/>\n<meta name=\"twitter:site\" content=\"@TraitTendance\" \/>\n<meta name=\"twitter:label1\" content=\"Written by\" \/>\n\t<meta name=\"twitter:data1\" content=\"Sophie Raux\" \/>\n\t<meta name=\"twitter:label2\" content=\"Estimated reading time\" \/>\n\t<meta name=\"twitter:data2\" content=\"1 minute\" \/>\n<script type=\"application\/ld+json\" class=\"yoast-schema-graph\">{\"@context\":\"https:\\\/\\\/schema.org\",\"@graph\":[{\"@type\":\"Article\",\"@id\":\"https:\\\/\\\/www.trait-tendance.com\\\/en\\\/private-dinner-at-the-jardins-du-pont-neuf\\\/#article\",\"isPartOf\":{\"@id\":\"https:\\\/\\\/www.trait-tendance.com\\\/en\\\/private-dinner-at-the-jardins-du-pont-neuf\\\/\"},\"author\":{\"name\":\"Sophie Raux\",\"@id\":\"https:\\\/\\\/www.trait-tendance.com\\\/en\\\/#\\\/schema\\\/person\\\/43a6038ee5b382bc631025fb706293eb\"},\"headline\":\"Private dinner at the Jardins du Pont Neuf\",\"datePublished\":\"2019-05-13T09:46:54+00:00\",\"mainEntityOfPage\":{\"@id\":\"https:\\\/\\\/www.trait-tendance.com\\\/en\\\/private-dinner-at-the-jardins-du-pont-neuf\\\/\"},\"wordCount\":138,\"publisher\":{\"@id\":\"https:\\\/\\\/www.trait-tendance.com\\\/en\\\/#organization\"},\"image\":{\"@id\":\"https:\\\/\\\/www.trait-tendance.com\\\/en\\\/private-dinner-at-the-jardins-du-pont-neuf\\\/#primaryimage\"},\"thumbnailUrl\":\"https:\\\/\\\/www.trait-tendance.com\\\/wp-content\\\/uploads\\\/2019\\\/05\\\/int\u00e9rieur-jardins-du-pont-neuf-de-nuit.png\",\"articleSection\":[\"Diary\",\"Our achievements\"],\"inLanguage\":\"en-GB\"},{\"@type\":\"WebPage\",\"@id\":\"https:\\\/\\\/www.trait-tendance.com\\\/en\\\/private-dinner-at-the-jardins-du-pont-neuf\\\/\",\"url\":\"https:\\\/\\\/www.trait-tendance.com\\\/en\\\/private-dinner-at-the-jardins-du-pont-neuf\\\/\",\"name\":\"Private dinner at the Jardins du Pont Neuf - Trait&#039;Tendance\",\"isPartOf\":{\"@id\":\"https:\\\/\\\/www.trait-tendance.com\\\/en\\\/#website\"},\"primaryImageOfPage\":{\"@id\":\"https:\\\/\\\/www.trait-tendance.com\\\/en\\\/private-dinner-at-the-jardins-du-pont-neuf\\\/#primaryimage\"},\"image\":{\"@id\":\"https:\\\/\\\/www.trait-tendance.com\\\/en\\\/private-dinner-at-the-jardins-du-pont-neuf\\\/#primaryimage\"},\"thumbnailUrl\":\"https:\\\/\\\/www.trait-tendance.com\\\/wp-content\\\/uploads\\\/2019\\\/05\\\/int\u00e9rieur-jardins-du-pont-neuf-de-nuit.png\",\"datePublished\":\"2019-05-13T09:46:54+00:00\",\"description\":\"Trait&#039;Tendance - Our achievements - Private dinner at the Jardins du Pont Neuf\",\"breadcrumb\":{\"@id\":\"https:\\\/\\\/www.trait-tendance.com\\\/en\\\/private-dinner-at-the-jardins-du-pont-neuf\\\/#breadcrumb\"},\"inLanguage\":\"en-GB\",\"potentialAction\":[{\"@type\":\"ReadAction\",\"target\":[\"https:\\\/\\\/www.trait-tendance.com\\\/en\\\/private-dinner-at-the-jardins-du-pont-neuf\\\/\"]}]},{\"@type\":\"ImageObject\",\"inLanguage\":\"en-GB\",\"@id\":\"https:\\\/\\\/www.trait-tendance.com\\\/en\\\/private-dinner-at-the-jardins-du-pont-neuf\\\/#primaryimage\",\"url\":\"https:\\\/\\\/www.trait-tendance.com\\\/wp-content\\\/uploads\\\/2019\\\/05\\\/int\u00e9rieur-jardins-du-pont-neuf-de-nuit.png\",\"contentUrl\":\"https:\\\/\\\/www.trait-tendance.com\\\/wp-content\\\/uploads\\\/2019\\\/05\\\/int\u00e9rieur-jardins-du-pont-neuf-de-nuit.png\",\"width\":1068,\"height\":801},{\"@type\":\"BreadcrumbList\",\"@id\":\"https:\\\/\\\/www.trait-tendance.com\\\/en\\\/private-dinner-at-the-jardins-du-pont-neuf\\\/#breadcrumb\",\"itemListElement\":[{\"@type\":\"ListItem\",\"position\":1,\"name\":\"Accueil\",\"item\":\"https:\\\/\\\/www.trait-tendance.com\\\/en\\\/\"},{\"@type\":\"ListItem\",\"position\":2,\"name\":\"Private dinner at the Jardins du Pont Neuf\"}]},{\"@type\":\"WebSite\",\"@id\":\"https:\\\/\\\/www.trait-tendance.com\\\/en\\\/#website\",\"url\":\"https:\\\/\\\/www.trait-tendance.com\\\/en\\\/\",\"name\":\"Trait'Tendance\",\"description\":\"Traiteur \u00e9v\u00e9nementiel haut de gamme \u00e0 Paris\",\"publisher\":{\"@id\":\"https:\\\/\\\/www.trait-tendance.com\\\/en\\\/#organization\"},\"potentialAction\":[{\"@type\":\"SearchAction\",\"target\":{\"@type\":\"EntryPoint\",\"urlTemplate\":\"https:\\\/\\\/www.trait-tendance.com\\\/en\\\/?s={search_term_string}\"},\"query-input\":{\"@type\":\"PropertyValueSpecification\",\"valueRequired\":true,\"valueName\":\"search_term_string\"}}],\"inLanguage\":\"en-GB\"},{\"@type\":\"Organization\",\"@id\":\"https:\\\/\\\/www.trait-tendance.com\\\/en\\\/#organization\",\"name\":\"Trait'Tendance\",\"url\":\"https:\\\/\\\/www.trait-tendance.com\\\/en\\\/\",\"logo\":{\"@type\":\"ImageObject\",\"inLanguage\":\"en-GB\",\"@id\":\"https:\\\/\\\/www.trait-tendance.com\\\/en\\\/#\\\/schema\\\/logo\\\/image\\\/\",\"url\":\"https:\\\/\\\/www.trait-tendance.com\\\/wp-content\\\/uploads\\\/2017\\\/08\\\/cropped-favicon.png\",\"contentUrl\":\"https:\\\/\\\/www.trait-tendance.com\\\/wp-content\\\/uploads\\\/2017\\\/08\\\/cropped-favicon.png\",\"width\":512,\"height\":512,\"caption\":\"Trait'Tendance\"},\"image\":{\"@id\":\"https:\\\/\\\/www.trait-tendance.com\\\/en\\\/#\\\/schema\\\/logo\\\/image\\\/\"},\"sameAs\":[\"https:\\\/\\\/www.facebook.com\\\/TraitTendanceParis\\\/\",\"https:\\\/\\\/x.com\\\/TraitTendance\",\"https:\\\/\\\/www.instagram.com\\\/traittendance\\\/\",\"https:\\\/\\\/www.linkedin.com\\\/company\\\/traittendance\",\"https:\\\/\\\/www.pinterest.com\\\/traiteurdeco\\\/boards\\\/\",\"https:\\\/\\\/www.youtube.com\\\/channel\\\/UCWDoSOcaJjMCiGrJ6cddZMA\\\/videos\"]},{\"@type\":\"Person\",\"@id\":\"https:\\\/\\\/www.trait-tendance.com\\\/en\\\/#\\\/schema\\\/person\\\/43a6038ee5b382bc631025fb706293eb\",\"name\":\"Sophie Raux\",\"image\":{\"@type\":\"ImageObject\",\"inLanguage\":\"en-GB\",\"@id\":\"https:\\\/\\\/secure.gravatar.com\\\/avatar\\\/6cf5ecb057448636f7576fe55ed6ea8586980d7734d82dbbff020e5cca83d3e4?s=96&d=mm&r=g\",\"url\":\"https:\\\/\\\/secure.gravatar.com\\\/avatar\\\/6cf5ecb057448636f7576fe55ed6ea8586980d7734d82dbbff020e5cca83d3e4?s=96&d=mm&r=g\",\"contentUrl\":\"https:\\\/\\\/secure.gravatar.com\\\/avatar\\\/6cf5ecb057448636f7576fe55ed6ea8586980d7734d82dbbff020e5cca83d3e4?s=96&d=mm&r=g\",\"caption\":\"Sophie Raux\"}}]}<\/script>\n<!-- \/ Yoast SEO Premium plugin. -->","yoast_head_json":{"title":"Private dinner at the Jardins du Pont Neuf - Trait&#039;Tendance","description":"Trait&#039;Tendance - Our achievements - Private dinner at the Jardins du Pont Neuf","robots":{"index":"index","follow":"follow","max-snippet":"max-snippet:-1","max-image-preview":"max-image-preview:large","max-video-preview":"max-video-preview:-1"},"canonical":"https:\/\/www.trait-tendance.com\/en\/private-dinner-at-the-jardins-du-pont-neuf\/","og_locale":"en_GB","og_type":"article","og_title":"Private dinner at the Jardins du Pont Neuf","og_description":"Trait&#039;Tendance - Our achievements - Private dinner at the Jardins du Pont Neuf","og_url":"https:\/\/www.trait-tendance.com\/en\/private-dinner-at-the-jardins-du-pont-neuf\/","og_site_name":"Trait&#039;Tendance","article_publisher":"https:\/\/www.facebook.com\/TraitTendanceParis\/","article_published_time":"2019-05-13T09:46:54+00:00","og_image":[{"width":1068,"height":801,"url":"https:\/\/www.trait-tendance.com\/wp-content\/uploads\/2019\/05\/int\u00e9rieur-jardins-du-pont-neuf-de-nuit.png","type":"image\/png"}],"author":"Sophie Raux","twitter_card":"summary_large_image","twitter_creator":"@TraitTendance","twitter_site":"@TraitTendance","twitter_misc":{"Written by":"Sophie Raux","Estimated reading time":"1 minute"},"schema":{"@context":"https:\/\/schema.org","@graph":[{"@type":"Article","@id":"https:\/\/www.trait-tendance.com\/en\/private-dinner-at-the-jardins-du-pont-neuf\/#article","isPartOf":{"@id":"https:\/\/www.trait-tendance.com\/en\/private-dinner-at-the-jardins-du-pont-neuf\/"},"author":{"name":"Sophie Raux","@id":"https:\/\/www.trait-tendance.com\/en\/#\/schema\/person\/43a6038ee5b382bc631025fb706293eb"},"headline":"Private dinner at the Jardins du Pont Neuf","datePublished":"2019-05-13T09:46:54+00:00","mainEntityOfPage":{"@id":"https:\/\/www.trait-tendance.com\/en\/private-dinner-at-the-jardins-du-pont-neuf\/"},"wordCount":138,"publisher":{"@id":"https:\/\/www.trait-tendance.com\/en\/#organization"},"image":{"@id":"https:\/\/www.trait-tendance.com\/en\/private-dinner-at-the-jardins-du-pont-neuf\/#primaryimage"},"thumbnailUrl":"https:\/\/www.trait-tendance.com\/wp-content\/uploads\/2019\/05\/int\u00e9rieur-jardins-du-pont-neuf-de-nuit.png","articleSection":["Diary","Our achievements"],"inLanguage":"en-GB"},{"@type":"WebPage","@id":"https:\/\/www.trait-tendance.com\/en\/private-dinner-at-the-jardins-du-pont-neuf\/","url":"https:\/\/www.trait-tendance.com\/en\/private-dinner-at-the-jardins-du-pont-neuf\/","name":"Private dinner at the Jardins du Pont Neuf - Trait&#039;Tendance","isPartOf":{"@id":"https:\/\/www.trait-tendance.com\/en\/#website"},"primaryImageOfPage":{"@id":"https:\/\/www.trait-tendance.com\/en\/private-dinner-at-the-jardins-du-pont-neuf\/#primaryimage"},"image":{"@id":"https:\/\/www.trait-tendance.com\/en\/private-dinner-at-the-jardins-du-pont-neuf\/#primaryimage"},"thumbnailUrl":"https:\/\/www.trait-tendance.com\/wp-content\/uploads\/2019\/05\/int\u00e9rieur-jardins-du-pont-neuf-de-nuit.png","datePublished":"2019-05-13T09:46:54+00:00","description":"Trait&#039;Tendance - Our achievements - Private dinner at the Jardins du Pont Neuf","breadcrumb":{"@id":"https:\/\/www.trait-tendance.com\/en\/private-dinner-at-the-jardins-du-pont-neuf\/#breadcrumb"},"inLanguage":"en-GB","potentialAction":[{"@type":"ReadAction","target":["https:\/\/www.trait-tendance.com\/en\/private-dinner-at-the-jardins-du-pont-neuf\/"]}]},{"@type":"ImageObject","inLanguage":"en-GB","@id":"https:\/\/www.trait-tendance.com\/en\/private-dinner-at-the-jardins-du-pont-neuf\/#primaryimage","url":"https:\/\/www.trait-tendance.com\/wp-content\/uploads\/2019\/05\/int\u00e9rieur-jardins-du-pont-neuf-de-nuit.png","contentUrl":"https:\/\/www.trait-tendance.com\/wp-content\/uploads\/2019\/05\/int\u00e9rieur-jardins-du-pont-neuf-de-nuit.png","width":1068,"height":801},{"@type":"BreadcrumbList","@id":"https:\/\/www.trait-tendance.com\/en\/private-dinner-at-the-jardins-du-pont-neuf\/#breadcrumb","itemListElement":[{"@type":"ListItem","position":1,"name":"Accueil","item":"https:\/\/www.trait-tendance.com\/en\/"},{"@type":"ListItem","position":2,"name":"Private dinner at the Jardins du Pont Neuf"}]},{"@type":"WebSite","@id":"https:\/\/www.trait-tendance.com\/en\/#website","url":"https:\/\/www.trait-tendance.com\/en\/","name":"Trait'Tendance","description":"Traiteur \u00e9v\u00e9nementiel haut de gamme \u00e0 Paris","publisher":{"@id":"https:\/\/www.trait-tendance.com\/en\/#organization"},"potentialAction":[{"@type":"SearchAction","target":{"@type":"EntryPoint","urlTemplate":"https:\/\/www.trait-tendance.com\/en\/?s={search_term_string}"},"query-input":{"@type":"PropertyValueSpecification","valueRequired":true,"valueName":"search_term_string"}}],"inLanguage":"en-GB"},{"@type":"Organization","@id":"https:\/\/www.trait-tendance.com\/en\/#organization","name":"Trait'Tendance","url":"https:\/\/www.trait-tendance.com\/en\/","logo":{"@type":"ImageObject","inLanguage":"en-GB","@id":"https:\/\/www.trait-tendance.com\/en\/#\/schema\/logo\/image\/","url":"https:\/\/www.trait-tendance.com\/wp-content\/uploads\/2017\/08\/cropped-favicon.png","contentUrl":"https:\/\/www.trait-tendance.com\/wp-content\/uploads\/2017\/08\/cropped-favicon.png","width":512,"height":512,"caption":"Trait'Tendance"},"image":{"@id":"https:\/\/www.trait-tendance.com\/en\/#\/schema\/logo\/image\/"},"sameAs":["https:\/\/www.facebook.com\/TraitTendanceParis\/","https:\/\/x.com\/TraitTendance","https:\/\/www.instagram.com\/traittendance\/","https:\/\/www.linkedin.com\/company\/traittendance","https:\/\/www.pinterest.com\/traiteurdeco\/boards\/","https:\/\/www.youtube.com\/channel\/UCWDoSOcaJjMCiGrJ6cddZMA\/videos"]},{"@type":"Person","@id":"https:\/\/www.trait-tendance.com\/en\/#\/schema\/person\/43a6038ee5b382bc631025fb706293eb","name":"Sophie Raux","image":{"@type":"ImageObject","inLanguage":"en-GB","@id":"https:\/\/secure.gravatar.com\/avatar\/6cf5ecb057448636f7576fe55ed6ea8586980d7734d82dbbff020e5cca83d3e4?s=96&d=mm&r=g","url":"https:\/\/secure.gravatar.com\/avatar\/6cf5ecb057448636f7576fe55ed6ea8586980d7734d82dbbff020e5cca83d3e4?s=96&d=mm&r=g","contentUrl":"https:\/\/secure.gravatar.com\/avatar\/6cf5ecb057448636f7576fe55ed6ea8586980d7734d82dbbff020e5cca83d3e4?s=96&d=mm&r=g","caption":"Sophie Raux"}}]}},"_links":{"self":[{"href":"https:\/\/www.trait-tendance.com\/en\/wp-json\/wp\/v2\/posts\/104891","targetHints":{"allow":["GET"]}}],"collection":[{"href":"https:\/\/www.trait-tendance.com\/en\/wp-json\/wp\/v2\/posts"}],"about":[{"href":"https:\/\/www.trait-tendance.com\/en\/wp-json\/wp\/v2\/types\/post"}],"author":[{"embeddable":true,"href":"https:\/\/www.trait-tendance.com\/en\/wp-json\/wp\/v2\/users\/16"}],"replies":[{"embeddable":true,"href":"https:\/\/www.trait-tendance.com\/en\/wp-json\/wp\/v2\/comments?post=104891"}],"version-history":[{"count":0,"href":"https:\/\/www.trait-tendance.com\/en\/wp-json\/wp\/v2\/posts\/104891\/revisions"}],"wp:featuredmedia":[{"embeddable":true,"href":"https:\/\/www.trait-tendance.com\/en\/wp-json\/wp\/v2\/media\/100916"}],"wp:attachment":[{"href":"https:\/\/www.trait-tendance.com\/en\/wp-json\/wp\/v2\/media?parent=104891"}],"wp:term":[{"taxonomy":"category","embeddable":true,"href":"https:\/\/www.trait-tendance.com\/en\/wp-json\/wp\/v2\/categories?post=104891"},{"taxonomy":"post_tag","embeddable":true,"href":"https:\/\/www.trait-tendance.com\/en\/wp-json\/wp\/v2\/tags?post=104891"}],"curies":[{"name":"wp","href":"https:\/\/api.w.org\/{rel}","templated":true}]}}