{"id":104892,"date":"2019-05-13T11:41:49","date_gmt":"2019-05-13T09:41:49","guid":{"rendered":"https:\/\/www.trait-tendance.com\/actualites\/tasting-day-at-cercle-lebrun\/"},"modified":"2019-05-13T11:41:49","modified_gmt":"2019-05-13T09:41:49","slug":"tasting-day-at-cercle-lebrun","status":"publish","type":"post","link":"https:\/\/www.trait-tendance.com\/en\/tasting-day-at-cercle-lebrun\/","title":{"rendered":"Tasting day at Cercle Lebrun"},"content":{"rendered":"<p><span data-contrast=\"auto\">On April 15, 150 <a href=\"http:\/\/painvincompany.com\/\">Pain Vin &amp;<\/a> Company customers gathered at the <a href=\"https:\/\/www.trait-tendance.com\/en\/room-rental\/prestigious-locations\/\">Cercle Lebrun<\/a>, a private mansion that has stood the test of time.<\/span><span data-ccp-props=\"{\"201341983\":0,\"335551550\":1,\"335551620\":1,\"335559739\":160,\"335559740\":259}\"> <\/span><\/p>\n<p><span data-contrast=\"auto\">Built between 1700 and 1702 for Charles Le Brun, painter to King Louis XIV and director of the Acad\u00e9mie Royale de Peinture, this townhouse is a perfect example of classical architecture. Its grand reception apartments welcomed illustrious guests such as the painter Watteau and the naturalist Buffon.<\/span><span data-ccp-props=\"{\"201341983\":0,\"335551550\":1,\"335551620\":1,\"335559739\":160,\"335559740\":259}\"> <\/span><\/p>\n<p><span data-contrast=\"auto\">It was in this setting, which has been open to events for barely two years, that guests from Pain Vin &amp; Company were surprised by the wines from the South-West of France on offer during a day of tasting. At the end of a studious masterclass and assembly workshop, Trait&#8217;Tendance offered a <a href=\"https:\/\/www.trait-tendance.com\/?post_type=traiteur-luxe&#038;p=20505\">cocktail reception<\/a> served between the beautifully decorated lounges and the French garden.<\/span><span data-ccp-props=\"{\"201341983\":0,\"335551550\":1,\"335551620\":1,\"335559739\":160,\"335559740\":259}\"> <\/span><\/p>\n","protected":false},"excerpt":{"rendered":"<p>On April 15, 150 Pain Vin &amp; Company customers gathered at the Cercle Lebrun, a private mansion that has stood the test of time. Built between 1700 and 1702 for Charles Le Brun, painter to King Louis XIV and director of the Acad\u00e9mie Royale de Peinture, this townhouse is a perfect example of classical architecture. [&hellip;]<\/p>\n","protected":false},"author":16,"featured_media":100941,"comment_status":"closed","ping_status":"closed","sticky":false,"template":"","format":"standard","meta":{"footnotes":""},"categories":[199,203],"tags":[],"class_list":["post-104892","post","type-post","status-publish","format-standard","has-post-thumbnail","hentry","category-diary","category-our-achievements"],"yoast_head":"<!-- This site is optimized with the Yoast SEO Premium plugin v27.4 (Yoast SEO v27.5) - https:\/\/yoast.com\/product\/yoast-seo-premium-wordpress\/ -->\n<title>Tasting day at Cercle Lebrun - Trait&#039;Tendance<\/title>\n<meta name=\"description\" content=\"Trait&#039;Tendance - Our achievements - Tasting day at Cercle Lebrun\" \/>\n<meta name=\"robots\" content=\"index, follow, max-snippet:-1, max-image-preview:large, max-video-preview:-1\" \/>\n<link rel=\"canonical\" href=\"https:\/\/www.trait-tendance.com\/en\/tasting-day-at-cercle-lebrun\/\" \/>\n<meta property=\"og:locale\" content=\"en_GB\" \/>\n<meta property=\"og:type\" content=\"article\" \/>\n<meta property=\"og:title\" content=\"Tasting day at Cercle Lebrun\" \/>\n<meta property=\"og:description\" content=\"Trait&#039;Tendance - Our achievements - Tasting day at Cercle Lebrun\" \/>\n<meta property=\"og:url\" content=\"https:\/\/www.trait-tendance.com\/en\/tasting-day-at-cercle-lebrun\/\" \/>\n<meta property=\"og:site_name\" content=\"Trait&#039;Tendance\" \/>\n<meta property=\"article:publisher\" content=\"https:\/\/www.facebook.com\/TraitTendanceParis\/\" \/>\n<meta property=\"article:published_time\" content=\"2019-05-13T09:41:49+00:00\" \/>\n<meta property=\"og:image\" content=\"https:\/\/www.trait-tendance.com\/wp-content\/uploads\/2019\/05\/img03-002.jpg\" \/>\n\t<meta property=\"og:image:width\" content=\"1200\" \/>\n\t<meta property=\"og:image:height\" content=\"900\" \/>\n\t<meta property=\"og:image:type\" content=\"image\/jpeg\" \/>\n<meta name=\"author\" content=\"Sophie Raux\" \/>\n<meta name=\"twitter:card\" content=\"summary_large_image\" \/>\n<meta name=\"twitter:creator\" content=\"@TraitTendance\" \/>\n<meta name=\"twitter:site\" content=\"@TraitTendance\" \/>\n<meta name=\"twitter:label1\" content=\"Written by\" \/>\n\t<meta name=\"twitter:data1\" content=\"Sophie Raux\" \/>\n\t<meta name=\"twitter:label2\" content=\"Estimated reading time\" \/>\n\t<meta name=\"twitter:data2\" content=\"1 minute\" \/>\n<script type=\"application\/ld+json\" class=\"yoast-schema-graph\">{\"@context\":\"https:\\\/\\\/schema.org\",\"@graph\":[{\"@type\":\"Article\",\"@id\":\"https:\\\/\\\/www.trait-tendance.com\\\/en\\\/tasting-day-at-cercle-lebrun\\\/#article\",\"isPartOf\":{\"@id\":\"https:\\\/\\\/www.trait-tendance.com\\\/en\\\/tasting-day-at-cercle-lebrun\\\/\"},\"author\":{\"name\":\"Sophie Raux\",\"@id\":\"https:\\\/\\\/www.trait-tendance.com\\\/en\\\/#\\\/schema\\\/person\\\/43a6038ee5b382bc631025fb706293eb\"},\"headline\":\"Tasting day at Cercle Lebrun\",\"datePublished\":\"2019-05-13T09:41:49+00:00\",\"mainEntityOfPage\":{\"@id\":\"https:\\\/\\\/www.trait-tendance.com\\\/en\\\/tasting-day-at-cercle-lebrun\\\/\"},\"wordCount\":138,\"publisher\":{\"@id\":\"https:\\\/\\\/www.trait-tendance.com\\\/en\\\/#organization\"},\"image\":{\"@id\":\"https:\\\/\\\/www.trait-tendance.com\\\/en\\\/tasting-day-at-cercle-lebrun\\\/#primaryimage\"},\"thumbnailUrl\":\"https:\\\/\\\/www.trait-tendance.com\\\/wp-content\\\/uploads\\\/2019\\\/05\\\/img03-002.jpg\",\"articleSection\":[\"Diary\",\"Our achievements\"],\"inLanguage\":\"en-GB\"},{\"@type\":\"WebPage\",\"@id\":\"https:\\\/\\\/www.trait-tendance.com\\\/en\\\/tasting-day-at-cercle-lebrun\\\/\",\"url\":\"https:\\\/\\\/www.trait-tendance.com\\\/en\\\/tasting-day-at-cercle-lebrun\\\/\",\"name\":\"Tasting day at Cercle Lebrun - Trait&#039;Tendance\",\"isPartOf\":{\"@id\":\"https:\\\/\\\/www.trait-tendance.com\\\/en\\\/#website\"},\"primaryImageOfPage\":{\"@id\":\"https:\\\/\\\/www.trait-tendance.com\\\/en\\\/tasting-day-at-cercle-lebrun\\\/#primaryimage\"},\"image\":{\"@id\":\"https:\\\/\\\/www.trait-tendance.com\\\/en\\\/tasting-day-at-cercle-lebrun\\\/#primaryimage\"},\"thumbnailUrl\":\"https:\\\/\\\/www.trait-tendance.com\\\/wp-content\\\/uploads\\\/2019\\\/05\\\/img03-002.jpg\",\"datePublished\":\"2019-05-13T09:41:49+00:00\",\"description\":\"Trait&#039;Tendance - Our achievements - Tasting day at Cercle Lebrun\",\"breadcrumb\":{\"@id\":\"https:\\\/\\\/www.trait-tendance.com\\\/en\\\/tasting-day-at-cercle-lebrun\\\/#breadcrumb\"},\"inLanguage\":\"en-GB\",\"potentialAction\":[{\"@type\":\"ReadAction\",\"target\":[\"https:\\\/\\\/www.trait-tendance.com\\\/en\\\/tasting-day-at-cercle-lebrun\\\/\"]}]},{\"@type\":\"ImageObject\",\"inLanguage\":\"en-GB\",\"@id\":\"https:\\\/\\\/www.trait-tendance.com\\\/en\\\/tasting-day-at-cercle-lebrun\\\/#primaryimage\",\"url\":\"https:\\\/\\\/www.trait-tendance.com\\\/wp-content\\\/uploads\\\/2019\\\/05\\\/img03-002.jpg\",\"contentUrl\":\"https:\\\/\\\/www.trait-tendance.com\\\/wp-content\\\/uploads\\\/2019\\\/05\\\/img03-002.jpg\",\"width\":1200,\"height\":900},{\"@type\":\"BreadcrumbList\",\"@id\":\"https:\\\/\\\/www.trait-tendance.com\\\/en\\\/tasting-day-at-cercle-lebrun\\\/#breadcrumb\",\"itemListElement\":[{\"@type\":\"ListItem\",\"position\":1,\"name\":\"Accueil\",\"item\":\"https:\\\/\\\/www.trait-tendance.com\\\/en\\\/\"},{\"@type\":\"ListItem\",\"position\":2,\"name\":\"Tasting day at Cercle Lebrun\"}]},{\"@type\":\"WebSite\",\"@id\":\"https:\\\/\\\/www.trait-tendance.com\\\/en\\\/#website\",\"url\":\"https:\\\/\\\/www.trait-tendance.com\\\/en\\\/\",\"name\":\"Trait'Tendance\",\"description\":\"Traiteur \u00e9v\u00e9nementiel haut de gamme \u00e0 Paris\",\"publisher\":{\"@id\":\"https:\\\/\\\/www.trait-tendance.com\\\/en\\\/#organization\"},\"potentialAction\":[{\"@type\":\"SearchAction\",\"target\":{\"@type\":\"EntryPoint\",\"urlTemplate\":\"https:\\\/\\\/www.trait-tendance.com\\\/en\\\/?s={search_term_string}\"},\"query-input\":{\"@type\":\"PropertyValueSpecification\",\"valueRequired\":true,\"valueName\":\"search_term_string\"}}],\"inLanguage\":\"en-GB\"},{\"@type\":\"Organization\",\"@id\":\"https:\\\/\\\/www.trait-tendance.com\\\/en\\\/#organization\",\"name\":\"Trait'Tendance\",\"url\":\"https:\\\/\\\/www.trait-tendance.com\\\/en\\\/\",\"logo\":{\"@type\":\"ImageObject\",\"inLanguage\":\"en-GB\",\"@id\":\"https:\\\/\\\/www.trait-tendance.com\\\/en\\\/#\\\/schema\\\/logo\\\/image\\\/\",\"url\":\"https:\\\/\\\/www.trait-tendance.com\\\/wp-content\\\/uploads\\\/2017\\\/08\\\/cropped-favicon.png\",\"contentUrl\":\"https:\\\/\\\/www.trait-tendance.com\\\/wp-content\\\/uploads\\\/2017\\\/08\\\/cropped-favicon.png\",\"width\":512,\"height\":512,\"caption\":\"Trait'Tendance\"},\"image\":{\"@id\":\"https:\\\/\\\/www.trait-tendance.com\\\/en\\\/#\\\/schema\\\/logo\\\/image\\\/\"},\"sameAs\":[\"https:\\\/\\\/www.facebook.com\\\/TraitTendanceParis\\\/\",\"https:\\\/\\\/x.com\\\/TraitTendance\",\"https:\\\/\\\/www.instagram.com\\\/traittendance\\\/\",\"https:\\\/\\\/www.linkedin.com\\\/company\\\/traittendance\",\"https:\\\/\\\/www.pinterest.com\\\/traiteurdeco\\\/boards\\\/\",\"https:\\\/\\\/www.youtube.com\\\/channel\\\/UCWDoSOcaJjMCiGrJ6cddZMA\\\/videos\"]},{\"@type\":\"Person\",\"@id\":\"https:\\\/\\\/www.trait-tendance.com\\\/en\\\/#\\\/schema\\\/person\\\/43a6038ee5b382bc631025fb706293eb\",\"name\":\"Sophie Raux\",\"image\":{\"@type\":\"ImageObject\",\"inLanguage\":\"en-GB\",\"@id\":\"https:\\\/\\\/secure.gravatar.com\\\/avatar\\\/6cf5ecb057448636f7576fe55ed6ea8586980d7734d82dbbff020e5cca83d3e4?s=96&d=mm&r=g\",\"url\":\"https:\\\/\\\/secure.gravatar.com\\\/avatar\\\/6cf5ecb057448636f7576fe55ed6ea8586980d7734d82dbbff020e5cca83d3e4?s=96&d=mm&r=g\",\"contentUrl\":\"https:\\\/\\\/secure.gravatar.com\\\/avatar\\\/6cf5ecb057448636f7576fe55ed6ea8586980d7734d82dbbff020e5cca83d3e4?s=96&d=mm&r=g\",\"caption\":\"Sophie Raux\"}}]}<\/script>\n<!-- \/ Yoast SEO Premium plugin. -->","yoast_head_json":{"title":"Tasting day at Cercle Lebrun - Trait&#039;Tendance","description":"Trait&#039;Tendance - Our achievements - Tasting day at Cercle Lebrun","robots":{"index":"index","follow":"follow","max-snippet":"max-snippet:-1","max-image-preview":"max-image-preview:large","max-video-preview":"max-video-preview:-1"},"canonical":"https:\/\/www.trait-tendance.com\/en\/tasting-day-at-cercle-lebrun\/","og_locale":"en_GB","og_type":"article","og_title":"Tasting day at Cercle Lebrun","og_description":"Trait&#039;Tendance - Our achievements - Tasting day at Cercle Lebrun","og_url":"https:\/\/www.trait-tendance.com\/en\/tasting-day-at-cercle-lebrun\/","og_site_name":"Trait&#039;Tendance","article_publisher":"https:\/\/www.facebook.com\/TraitTendanceParis\/","article_published_time":"2019-05-13T09:41:49+00:00","og_image":[{"width":1200,"height":900,"url":"https:\/\/www.trait-tendance.com\/wp-content\/uploads\/2019\/05\/img03-002.jpg","type":"image\/jpeg"}],"author":"Sophie Raux","twitter_card":"summary_large_image","twitter_creator":"@TraitTendance","twitter_site":"@TraitTendance","twitter_misc":{"Written by":"Sophie Raux","Estimated reading time":"1 minute"},"schema":{"@context":"https:\/\/schema.org","@graph":[{"@type":"Article","@id":"https:\/\/www.trait-tendance.com\/en\/tasting-day-at-cercle-lebrun\/#article","isPartOf":{"@id":"https:\/\/www.trait-tendance.com\/en\/tasting-day-at-cercle-lebrun\/"},"author":{"name":"Sophie Raux","@id":"https:\/\/www.trait-tendance.com\/en\/#\/schema\/person\/43a6038ee5b382bc631025fb706293eb"},"headline":"Tasting day at Cercle Lebrun","datePublished":"2019-05-13T09:41:49+00:00","mainEntityOfPage":{"@id":"https:\/\/www.trait-tendance.com\/en\/tasting-day-at-cercle-lebrun\/"},"wordCount":138,"publisher":{"@id":"https:\/\/www.trait-tendance.com\/en\/#organization"},"image":{"@id":"https:\/\/www.trait-tendance.com\/en\/tasting-day-at-cercle-lebrun\/#primaryimage"},"thumbnailUrl":"https:\/\/www.trait-tendance.com\/wp-content\/uploads\/2019\/05\/img03-002.jpg","articleSection":["Diary","Our achievements"],"inLanguage":"en-GB"},{"@type":"WebPage","@id":"https:\/\/www.trait-tendance.com\/en\/tasting-day-at-cercle-lebrun\/","url":"https:\/\/www.trait-tendance.com\/en\/tasting-day-at-cercle-lebrun\/","name":"Tasting day at Cercle Lebrun - Trait&#039;Tendance","isPartOf":{"@id":"https:\/\/www.trait-tendance.com\/en\/#website"},"primaryImageOfPage":{"@id":"https:\/\/www.trait-tendance.com\/en\/tasting-day-at-cercle-lebrun\/#primaryimage"},"image":{"@id":"https:\/\/www.trait-tendance.com\/en\/tasting-day-at-cercle-lebrun\/#primaryimage"},"thumbnailUrl":"https:\/\/www.trait-tendance.com\/wp-content\/uploads\/2019\/05\/img03-002.jpg","datePublished":"2019-05-13T09:41:49+00:00","description":"Trait&#039;Tendance - Our achievements - Tasting day at Cercle Lebrun","breadcrumb":{"@id":"https:\/\/www.trait-tendance.com\/en\/tasting-day-at-cercle-lebrun\/#breadcrumb"},"inLanguage":"en-GB","potentialAction":[{"@type":"ReadAction","target":["https:\/\/www.trait-tendance.com\/en\/tasting-day-at-cercle-lebrun\/"]}]},{"@type":"ImageObject","inLanguage":"en-GB","@id":"https:\/\/www.trait-tendance.com\/en\/tasting-day-at-cercle-lebrun\/#primaryimage","url":"https:\/\/www.trait-tendance.com\/wp-content\/uploads\/2019\/05\/img03-002.jpg","contentUrl":"https:\/\/www.trait-tendance.com\/wp-content\/uploads\/2019\/05\/img03-002.jpg","width":1200,"height":900},{"@type":"BreadcrumbList","@id":"https:\/\/www.trait-tendance.com\/en\/tasting-day-at-cercle-lebrun\/#breadcrumb","itemListElement":[{"@type":"ListItem","position":1,"name":"Accueil","item":"https:\/\/www.trait-tendance.com\/en\/"},{"@type":"ListItem","position":2,"name":"Tasting day at Cercle Lebrun"}]},{"@type":"WebSite","@id":"https:\/\/www.trait-tendance.com\/en\/#website","url":"https:\/\/www.trait-tendance.com\/en\/","name":"Trait'Tendance","description":"Traiteur \u00e9v\u00e9nementiel haut de gamme \u00e0 Paris","publisher":{"@id":"https:\/\/www.trait-tendance.com\/en\/#organization"},"potentialAction":[{"@type":"SearchAction","target":{"@type":"EntryPoint","urlTemplate":"https:\/\/www.trait-tendance.com\/en\/?s={search_term_string}"},"query-input":{"@type":"PropertyValueSpecification","valueRequired":true,"valueName":"search_term_string"}}],"inLanguage":"en-GB"},{"@type":"Organization","@id":"https:\/\/www.trait-tendance.com\/en\/#organization","name":"Trait'Tendance","url":"https:\/\/www.trait-tendance.com\/en\/","logo":{"@type":"ImageObject","inLanguage":"en-GB","@id":"https:\/\/www.trait-tendance.com\/en\/#\/schema\/logo\/image\/","url":"https:\/\/www.trait-tendance.com\/wp-content\/uploads\/2017\/08\/cropped-favicon.png","contentUrl":"https:\/\/www.trait-tendance.com\/wp-content\/uploads\/2017\/08\/cropped-favicon.png","width":512,"height":512,"caption":"Trait'Tendance"},"image":{"@id":"https:\/\/www.trait-tendance.com\/en\/#\/schema\/logo\/image\/"},"sameAs":["https:\/\/www.facebook.com\/TraitTendanceParis\/","https:\/\/x.com\/TraitTendance","https:\/\/www.instagram.com\/traittendance\/","https:\/\/www.linkedin.com\/company\/traittendance","https:\/\/www.pinterest.com\/traiteurdeco\/boards\/","https:\/\/www.youtube.com\/channel\/UCWDoSOcaJjMCiGrJ6cddZMA\/videos"]},{"@type":"Person","@id":"https:\/\/www.trait-tendance.com\/en\/#\/schema\/person\/43a6038ee5b382bc631025fb706293eb","name":"Sophie Raux","image":{"@type":"ImageObject","inLanguage":"en-GB","@id":"https:\/\/secure.gravatar.com\/avatar\/6cf5ecb057448636f7576fe55ed6ea8586980d7734d82dbbff020e5cca83d3e4?s=96&d=mm&r=g","url":"https:\/\/secure.gravatar.com\/avatar\/6cf5ecb057448636f7576fe55ed6ea8586980d7734d82dbbff020e5cca83d3e4?s=96&d=mm&r=g","contentUrl":"https:\/\/secure.gravatar.com\/avatar\/6cf5ecb057448636f7576fe55ed6ea8586980d7734d82dbbff020e5cca83d3e4?s=96&d=mm&r=g","caption":"Sophie Raux"}}]}},"_links":{"self":[{"href":"https:\/\/www.trait-tendance.com\/en\/wp-json\/wp\/v2\/posts\/104892","targetHints":{"allow":["GET"]}}],"collection":[{"href":"https:\/\/www.trait-tendance.com\/en\/wp-json\/wp\/v2\/posts"}],"about":[{"href":"https:\/\/www.trait-tendance.com\/en\/wp-json\/wp\/v2\/types\/post"}],"author":[{"embeddable":true,"href":"https:\/\/www.trait-tendance.com\/en\/wp-json\/wp\/v2\/users\/16"}],"replies":[{"embeddable":true,"href":"https:\/\/www.trait-tendance.com\/en\/wp-json\/wp\/v2\/comments?post=104892"}],"version-history":[{"count":0,"href":"https:\/\/www.trait-tendance.com\/en\/wp-json\/wp\/v2\/posts\/104892\/revisions"}],"wp:featuredmedia":[{"embeddable":true,"href":"https:\/\/www.trait-tendance.com\/en\/wp-json\/wp\/v2\/media\/100941"}],"wp:attachment":[{"href":"https:\/\/www.trait-tendance.com\/en\/wp-json\/wp\/v2\/media?parent=104892"}],"wp:term":[{"taxonomy":"category","embeddable":true,"href":"https:\/\/www.trait-tendance.com\/en\/wp-json\/wp\/v2\/categories?post=104892"},{"taxonomy":"post_tag","embeddable":true,"href":"https:\/\/www.trait-tendance.com\/en\/wp-json\/wp\/v2\/tags?post=104892"}],"curies":[{"name":"wp","href":"https:\/\/api.w.org\/{rel}","templated":true}]}}