{"id":104906,"date":"2019-07-03T17:05:10","date_gmt":"2019-07-03T15:05:10","guid":{"rendered":"https:\/\/www.trait-tendance.com\/actualites\/festival-of-tomatoes-and-flavors\/"},"modified":"2019-07-03T17:05:10","modified_gmt":"2019-07-03T15:05:10","slug":"festival-of-tomatoes-and-flavors","status":"publish","type":"post","link":"https:\/\/www.trait-tendance.com\/en\/festival-of-tomatoes-and-flavors\/","title":{"rendered":"Festival of tomatoes and flavors"},"content":{"rendered":"<p><span data-contrast=\"auto\">On September 7 and 8, the Domaine de la <\/span><span data-contrast=\"auto\">Bourdaisi\u00e8re<\/span><span data-contrast=\"auto\">near Tours, welcomes you to the 21st edition of the Tomato and Flavor Festival.<\/span><span data-ccp-props=\"{\"201341983\":0,\"335559739\":160,\"335559740\":259}\"> <\/span><\/p>\n<p><span data-contrast=\"auto\">Meet the <\/span><span data-contrast=\"auto\">exhibitors (over 50)<\/span><span data-contrast=\"auto\"> and local producers, take part in culinary workshops and learn the thousand and one ways to cook and enjoy this summertime must! <\/span><span data-contrast=\"auto\">Tomato tastings, exhibitions, ketchup <\/span><span data-contrast=\"auto\">ketchup <\/span><span data-contrast=\"auto\">and conferences.<\/span><span data-ccp-props=\"{\"201341983\":0,\"335559739\":160,\"335559740\":259}\"> <\/span><\/p>\n<p><span data-contrast=\"auto\">Take the opportunity to stroll through the ch\u00e2teau gardens and visit the<\/span><span data-contrast=\"auto\"> Potager Conservatoire National de la Tomate with head gardener Nicolas Toutain.<\/span><span data-ccp-props=\"{\"201341983\":0,\"335559739\":160,\"335559740\":259}\"> <\/span><\/p>\n<p><span data-contrast=\"auto\">More information on <\/span><a href=\"https:\/\/www.labourdaisiere.com\/portfolio\/festival-de-la-tomate-et-des-saveurs\/\"><br \/>\n  <span data-contrast=\"none\">https:\/\/www.labourdaisiere.com\/portfolio\/festival-de-la-tomate-et-des-saveurs\/<\/span><br \/>\n<\/a><span data-ccp-props=\"{\"201341983\":0,\"335559739\":160,\"335559740\":259}\"> <\/span><\/p>\n","protected":false},"excerpt":{"rendered":"<p>On September 7 and 8, the Domaine de la Bourdaisi\u00e8renear Tours, welcomes you to the 21st edition of the Tomato and Flavor Festival. Meet the exhibitors (over 50) and local producers, take part in culinary workshops and learn the thousand and one ways to cook and enjoy this summertime must! Tomato tastings, exhibitions, ketchup ketchup [&hellip;]<\/p>\n","protected":false},"author":15,"featured_media":101173,"comment_status":"closed","ping_status":"closed","sticky":false,"template":"","format":"standard","meta":{"footnotes":""},"categories":[199],"tags":[],"class_list":["post-104906","post","type-post","status-publish","format-standard","has-post-thumbnail","hentry","category-diary"],"yoast_head":"<!-- This site is optimized with the Yoast SEO Premium plugin v27.4 (Yoast SEO v27.5) - https:\/\/yoast.com\/product\/yoast-seo-premium-wordpress\/ -->\n<title>Festival of tomatoes and flavors - Trait&#039;Tendance<\/title>\n<meta name=\"description\" content=\"Trait&#039;Tendance - Diary - Festival of tomatoes and flavors\" \/>\n<meta name=\"robots\" content=\"index, follow, max-snippet:-1, max-image-preview:large, max-video-preview:-1\" \/>\n<link rel=\"canonical\" href=\"https:\/\/www.trait-tendance.com\/en\/festival-of-tomatoes-and-flavors\/\" \/>\n<meta property=\"og:locale\" content=\"en_GB\" \/>\n<meta property=\"og:type\" content=\"article\" \/>\n<meta property=\"og:title\" content=\"Festival of tomatoes and flavors\" \/>\n<meta property=\"og:description\" content=\"Trait&#039;Tendance - Diary - Festival of tomatoes and flavors\" \/>\n<meta property=\"og:url\" content=\"https:\/\/www.trait-tendance.com\/en\/festival-of-tomatoes-and-flavors\/\" \/>\n<meta property=\"og:site_name\" content=\"Trait&#039;Tendance\" \/>\n<meta property=\"article:publisher\" content=\"https:\/\/www.facebook.com\/TraitTendanceParis\/\" \/>\n<meta property=\"article:published_time\" content=\"2019-07-03T15:05:10+00:00\" \/>\n<meta property=\"og:image\" content=\"https:\/\/www.trait-tendance.com\/wp-content\/uploads\/2019\/07\/tomate_2019-1.jpg\" \/>\n\t<meta property=\"og:image:width\" content=\"1116\" \/>\n\t<meta property=\"og:image:height\" content=\"837\" \/>\n\t<meta property=\"og:image:type\" content=\"image\/jpeg\" \/>\n<meta name=\"author\" content=\"Christelle Roger\" \/>\n<meta name=\"twitter:card\" content=\"summary_large_image\" \/>\n<meta name=\"twitter:creator\" content=\"@TraitTendance\" \/>\n<meta name=\"twitter:site\" content=\"@TraitTendance\" \/>\n<meta name=\"twitter:label1\" content=\"Written by\" \/>\n\t<meta name=\"twitter:data1\" content=\"Christelle Roger\" \/>\n<script type=\"application\/ld+json\" class=\"yoast-schema-graph\">{\"@context\":\"https:\\\/\\\/schema.org\",\"@graph\":[{\"@type\":\"Article\",\"@id\":\"https:\\\/\\\/www.trait-tendance.com\\\/en\\\/festival-of-tomatoes-and-flavors\\\/#article\",\"isPartOf\":{\"@id\":\"https:\\\/\\\/www.trait-tendance.com\\\/en\\\/festival-of-tomatoes-and-flavors\\\/\"},\"author\":{\"name\":\"Christelle Roger\",\"@id\":\"https:\\\/\\\/www.trait-tendance.com\\\/en\\\/#\\\/schema\\\/person\\\/ec1cf0bf698fc7586af31cad26cccdc8\"},\"headline\":\"Festival of tomatoes and flavors\",\"datePublished\":\"2019-07-03T15:05:10+00:00\",\"mainEntityOfPage\":{\"@id\":\"https:\\\/\\\/www.trait-tendance.com\\\/en\\\/festival-of-tomatoes-and-flavors\\\/\"},\"wordCount\":94,\"publisher\":{\"@id\":\"https:\\\/\\\/www.trait-tendance.com\\\/en\\\/#organization\"},\"image\":{\"@id\":\"https:\\\/\\\/www.trait-tendance.com\\\/en\\\/festival-of-tomatoes-and-flavors\\\/#primaryimage\"},\"thumbnailUrl\":\"https:\\\/\\\/www.trait-tendance.com\\\/wp-content\\\/uploads\\\/2019\\\/07\\\/tomate_2019-1.jpg\",\"articleSection\":[\"Diary\"],\"inLanguage\":\"en-GB\"},{\"@type\":\"WebPage\",\"@id\":\"https:\\\/\\\/www.trait-tendance.com\\\/en\\\/festival-of-tomatoes-and-flavors\\\/\",\"url\":\"https:\\\/\\\/www.trait-tendance.com\\\/en\\\/festival-of-tomatoes-and-flavors\\\/\",\"name\":\"Festival of tomatoes and flavors - Trait&#039;Tendance\",\"isPartOf\":{\"@id\":\"https:\\\/\\\/www.trait-tendance.com\\\/en\\\/#website\"},\"primaryImageOfPage\":{\"@id\":\"https:\\\/\\\/www.trait-tendance.com\\\/en\\\/festival-of-tomatoes-and-flavors\\\/#primaryimage\"},\"image\":{\"@id\":\"https:\\\/\\\/www.trait-tendance.com\\\/en\\\/festival-of-tomatoes-and-flavors\\\/#primaryimage\"},\"thumbnailUrl\":\"https:\\\/\\\/www.trait-tendance.com\\\/wp-content\\\/uploads\\\/2019\\\/07\\\/tomate_2019-1.jpg\",\"datePublished\":\"2019-07-03T15:05:10+00:00\",\"description\":\"Trait&#039;Tendance - Diary - Festival of tomatoes and flavors\",\"breadcrumb\":{\"@id\":\"https:\\\/\\\/www.trait-tendance.com\\\/en\\\/festival-of-tomatoes-and-flavors\\\/#breadcrumb\"},\"inLanguage\":\"en-GB\",\"potentialAction\":[{\"@type\":\"ReadAction\",\"target\":[\"https:\\\/\\\/www.trait-tendance.com\\\/en\\\/festival-of-tomatoes-and-flavors\\\/\"]}]},{\"@type\":\"ImageObject\",\"inLanguage\":\"en-GB\",\"@id\":\"https:\\\/\\\/www.trait-tendance.com\\\/en\\\/festival-of-tomatoes-and-flavors\\\/#primaryimage\",\"url\":\"https:\\\/\\\/www.trait-tendance.com\\\/wp-content\\\/uploads\\\/2019\\\/07\\\/tomate_2019-1.jpg\",\"contentUrl\":\"https:\\\/\\\/www.trait-tendance.com\\\/wp-content\\\/uploads\\\/2019\\\/07\\\/tomate_2019-1.jpg\",\"width\":1116,\"height\":837},{\"@type\":\"BreadcrumbList\",\"@id\":\"https:\\\/\\\/www.trait-tendance.com\\\/en\\\/festival-of-tomatoes-and-flavors\\\/#breadcrumb\",\"itemListElement\":[{\"@type\":\"ListItem\",\"position\":1,\"name\":\"Accueil\",\"item\":\"https:\\\/\\\/www.trait-tendance.com\\\/en\\\/\"},{\"@type\":\"ListItem\",\"position\":2,\"name\":\"Festival of tomatoes and flavors\"}]},{\"@type\":\"WebSite\",\"@id\":\"https:\\\/\\\/www.trait-tendance.com\\\/en\\\/#website\",\"url\":\"https:\\\/\\\/www.trait-tendance.com\\\/en\\\/\",\"name\":\"Trait'Tendance\",\"description\":\"Traiteur \u00e9v\u00e9nementiel haut de gamme \u00e0 Paris\",\"publisher\":{\"@id\":\"https:\\\/\\\/www.trait-tendance.com\\\/en\\\/#organization\"},\"potentialAction\":[{\"@type\":\"SearchAction\",\"target\":{\"@type\":\"EntryPoint\",\"urlTemplate\":\"https:\\\/\\\/www.trait-tendance.com\\\/en\\\/?s={search_term_string}\"},\"query-input\":{\"@type\":\"PropertyValueSpecification\",\"valueRequired\":true,\"valueName\":\"search_term_string\"}}],\"inLanguage\":\"en-GB\"},{\"@type\":\"Organization\",\"@id\":\"https:\\\/\\\/www.trait-tendance.com\\\/en\\\/#organization\",\"name\":\"Trait'Tendance\",\"url\":\"https:\\\/\\\/www.trait-tendance.com\\\/en\\\/\",\"logo\":{\"@type\":\"ImageObject\",\"inLanguage\":\"en-GB\",\"@id\":\"https:\\\/\\\/www.trait-tendance.com\\\/en\\\/#\\\/schema\\\/logo\\\/image\\\/\",\"url\":\"https:\\\/\\\/www.trait-tendance.com\\\/wp-content\\\/uploads\\\/2017\\\/08\\\/cropped-favicon.png\",\"contentUrl\":\"https:\\\/\\\/www.trait-tendance.com\\\/wp-content\\\/uploads\\\/2017\\\/08\\\/cropped-favicon.png\",\"width\":512,\"height\":512,\"caption\":\"Trait'Tendance\"},\"image\":{\"@id\":\"https:\\\/\\\/www.trait-tendance.com\\\/en\\\/#\\\/schema\\\/logo\\\/image\\\/\"},\"sameAs\":[\"https:\\\/\\\/www.facebook.com\\\/TraitTendanceParis\\\/\",\"https:\\\/\\\/x.com\\\/TraitTendance\",\"https:\\\/\\\/www.instagram.com\\\/traittendance\\\/\",\"https:\\\/\\\/www.linkedin.com\\\/company\\\/traittendance\",\"https:\\\/\\\/www.pinterest.com\\\/traiteurdeco\\\/boards\\\/\",\"https:\\\/\\\/www.youtube.com\\\/channel\\\/UCWDoSOcaJjMCiGrJ6cddZMA\\\/videos\"]},{\"@type\":\"Person\",\"@id\":\"https:\\\/\\\/www.trait-tendance.com\\\/en\\\/#\\\/schema\\\/person\\\/ec1cf0bf698fc7586af31cad26cccdc8\",\"name\":\"Christelle Roger\",\"image\":{\"@type\":\"ImageObject\",\"inLanguage\":\"en-GB\",\"@id\":\"https:\\\/\\\/secure.gravatar.com\\\/avatar\\\/2407ea31f24fe8060283b694cf32a35e4e8918fa4c32641313c8ca9c7f2ad0c2?s=96&d=mm&r=g\",\"url\":\"https:\\\/\\\/secure.gravatar.com\\\/avatar\\\/2407ea31f24fe8060283b694cf32a35e4e8918fa4c32641313c8ca9c7f2ad0c2?s=96&d=mm&r=g\",\"contentUrl\":\"https:\\\/\\\/secure.gravatar.com\\\/avatar\\\/2407ea31f24fe8060283b694cf32a35e4e8918fa4c32641313c8ca9c7f2ad0c2?s=96&d=mm&r=g\",\"caption\":\"Christelle Roger\"}}]}<\/script>\n<!-- \/ Yoast SEO Premium plugin. -->","yoast_head_json":{"title":"Festival of tomatoes and flavors - Trait&#039;Tendance","description":"Trait&#039;Tendance - Diary - Festival of tomatoes and flavors","robots":{"index":"index","follow":"follow","max-snippet":"max-snippet:-1","max-image-preview":"max-image-preview:large","max-video-preview":"max-video-preview:-1"},"canonical":"https:\/\/www.trait-tendance.com\/en\/festival-of-tomatoes-and-flavors\/","og_locale":"en_GB","og_type":"article","og_title":"Festival of tomatoes and flavors","og_description":"Trait&#039;Tendance - Diary - Festival of tomatoes and flavors","og_url":"https:\/\/www.trait-tendance.com\/en\/festival-of-tomatoes-and-flavors\/","og_site_name":"Trait&#039;Tendance","article_publisher":"https:\/\/www.facebook.com\/TraitTendanceParis\/","article_published_time":"2019-07-03T15:05:10+00:00","og_image":[{"width":1116,"height":837,"url":"https:\/\/www.trait-tendance.com\/wp-content\/uploads\/2019\/07\/tomate_2019-1.jpg","type":"image\/jpeg"}],"author":"Christelle Roger","twitter_card":"summary_large_image","twitter_creator":"@TraitTendance","twitter_site":"@TraitTendance","twitter_misc":{"Written by":"Christelle Roger"},"schema":{"@context":"https:\/\/schema.org","@graph":[{"@type":"Article","@id":"https:\/\/www.trait-tendance.com\/en\/festival-of-tomatoes-and-flavors\/#article","isPartOf":{"@id":"https:\/\/www.trait-tendance.com\/en\/festival-of-tomatoes-and-flavors\/"},"author":{"name":"Christelle Roger","@id":"https:\/\/www.trait-tendance.com\/en\/#\/schema\/person\/ec1cf0bf698fc7586af31cad26cccdc8"},"headline":"Festival of tomatoes and flavors","datePublished":"2019-07-03T15:05:10+00:00","mainEntityOfPage":{"@id":"https:\/\/www.trait-tendance.com\/en\/festival-of-tomatoes-and-flavors\/"},"wordCount":94,"publisher":{"@id":"https:\/\/www.trait-tendance.com\/en\/#organization"},"image":{"@id":"https:\/\/www.trait-tendance.com\/en\/festival-of-tomatoes-and-flavors\/#primaryimage"},"thumbnailUrl":"https:\/\/www.trait-tendance.com\/wp-content\/uploads\/2019\/07\/tomate_2019-1.jpg","articleSection":["Diary"],"inLanguage":"en-GB"},{"@type":"WebPage","@id":"https:\/\/www.trait-tendance.com\/en\/festival-of-tomatoes-and-flavors\/","url":"https:\/\/www.trait-tendance.com\/en\/festival-of-tomatoes-and-flavors\/","name":"Festival of tomatoes and flavors - Trait&#039;Tendance","isPartOf":{"@id":"https:\/\/www.trait-tendance.com\/en\/#website"},"primaryImageOfPage":{"@id":"https:\/\/www.trait-tendance.com\/en\/festival-of-tomatoes-and-flavors\/#primaryimage"},"image":{"@id":"https:\/\/www.trait-tendance.com\/en\/festival-of-tomatoes-and-flavors\/#primaryimage"},"thumbnailUrl":"https:\/\/www.trait-tendance.com\/wp-content\/uploads\/2019\/07\/tomate_2019-1.jpg","datePublished":"2019-07-03T15:05:10+00:00","description":"Trait&#039;Tendance - Diary - Festival of tomatoes and flavors","breadcrumb":{"@id":"https:\/\/www.trait-tendance.com\/en\/festival-of-tomatoes-and-flavors\/#breadcrumb"},"inLanguage":"en-GB","potentialAction":[{"@type":"ReadAction","target":["https:\/\/www.trait-tendance.com\/en\/festival-of-tomatoes-and-flavors\/"]}]},{"@type":"ImageObject","inLanguage":"en-GB","@id":"https:\/\/www.trait-tendance.com\/en\/festival-of-tomatoes-and-flavors\/#primaryimage","url":"https:\/\/www.trait-tendance.com\/wp-content\/uploads\/2019\/07\/tomate_2019-1.jpg","contentUrl":"https:\/\/www.trait-tendance.com\/wp-content\/uploads\/2019\/07\/tomate_2019-1.jpg","width":1116,"height":837},{"@type":"BreadcrumbList","@id":"https:\/\/www.trait-tendance.com\/en\/festival-of-tomatoes-and-flavors\/#breadcrumb","itemListElement":[{"@type":"ListItem","position":1,"name":"Accueil","item":"https:\/\/www.trait-tendance.com\/en\/"},{"@type":"ListItem","position":2,"name":"Festival of tomatoes and flavors"}]},{"@type":"WebSite","@id":"https:\/\/www.trait-tendance.com\/en\/#website","url":"https:\/\/www.trait-tendance.com\/en\/","name":"Trait'Tendance","description":"Traiteur \u00e9v\u00e9nementiel haut de gamme \u00e0 Paris","publisher":{"@id":"https:\/\/www.trait-tendance.com\/en\/#organization"},"potentialAction":[{"@type":"SearchAction","target":{"@type":"EntryPoint","urlTemplate":"https:\/\/www.trait-tendance.com\/en\/?s={search_term_string}"},"query-input":{"@type":"PropertyValueSpecification","valueRequired":true,"valueName":"search_term_string"}}],"inLanguage":"en-GB"},{"@type":"Organization","@id":"https:\/\/www.trait-tendance.com\/en\/#organization","name":"Trait'Tendance","url":"https:\/\/www.trait-tendance.com\/en\/","logo":{"@type":"ImageObject","inLanguage":"en-GB","@id":"https:\/\/www.trait-tendance.com\/en\/#\/schema\/logo\/image\/","url":"https:\/\/www.trait-tendance.com\/wp-content\/uploads\/2017\/08\/cropped-favicon.png","contentUrl":"https:\/\/www.trait-tendance.com\/wp-content\/uploads\/2017\/08\/cropped-favicon.png","width":512,"height":512,"caption":"Trait'Tendance"},"image":{"@id":"https:\/\/www.trait-tendance.com\/en\/#\/schema\/logo\/image\/"},"sameAs":["https:\/\/www.facebook.com\/TraitTendanceParis\/","https:\/\/x.com\/TraitTendance","https:\/\/www.instagram.com\/traittendance\/","https:\/\/www.linkedin.com\/company\/traittendance","https:\/\/www.pinterest.com\/traiteurdeco\/boards\/","https:\/\/www.youtube.com\/channel\/UCWDoSOcaJjMCiGrJ6cddZMA\/videos"]},{"@type":"Person","@id":"https:\/\/www.trait-tendance.com\/en\/#\/schema\/person\/ec1cf0bf698fc7586af31cad26cccdc8","name":"Christelle Roger","image":{"@type":"ImageObject","inLanguage":"en-GB","@id":"https:\/\/secure.gravatar.com\/avatar\/2407ea31f24fe8060283b694cf32a35e4e8918fa4c32641313c8ca9c7f2ad0c2?s=96&d=mm&r=g","url":"https:\/\/secure.gravatar.com\/avatar\/2407ea31f24fe8060283b694cf32a35e4e8918fa4c32641313c8ca9c7f2ad0c2?s=96&d=mm&r=g","contentUrl":"https:\/\/secure.gravatar.com\/avatar\/2407ea31f24fe8060283b694cf32a35e4e8918fa4c32641313c8ca9c7f2ad0c2?s=96&d=mm&r=g","caption":"Christelle Roger"}}]}},"_links":{"self":[{"href":"https:\/\/www.trait-tendance.com\/en\/wp-json\/wp\/v2\/posts\/104906","targetHints":{"allow":["GET"]}}],"collection":[{"href":"https:\/\/www.trait-tendance.com\/en\/wp-json\/wp\/v2\/posts"}],"about":[{"href":"https:\/\/www.trait-tendance.com\/en\/wp-json\/wp\/v2\/types\/post"}],"author":[{"embeddable":true,"href":"https:\/\/www.trait-tendance.com\/en\/wp-json\/wp\/v2\/users\/15"}],"replies":[{"embeddable":true,"href":"https:\/\/www.trait-tendance.com\/en\/wp-json\/wp\/v2\/comments?post=104906"}],"version-history":[{"count":0,"href":"https:\/\/www.trait-tendance.com\/en\/wp-json\/wp\/v2\/posts\/104906\/revisions"}],"wp:featuredmedia":[{"embeddable":true,"href":"https:\/\/www.trait-tendance.com\/en\/wp-json\/wp\/v2\/media\/101173"}],"wp:attachment":[{"href":"https:\/\/www.trait-tendance.com\/en\/wp-json\/wp\/v2\/media?parent=104906"}],"wp:term":[{"taxonomy":"category","embeddable":true,"href":"https:\/\/www.trait-tendance.com\/en\/wp-json\/wp\/v2\/categories?post=104906"},{"taxonomy":"post_tag","embeddable":true,"href":"https:\/\/www.trait-tendance.com\/en\/wp-json\/wp\/v2\/tags?post=104906"}],"curies":[{"name":"wp","href":"https:\/\/api.w.org\/{rel}","templated":true}]}}